{"id":870,"date":"2019-07-29T12:38:20","date_gmt":"2019-07-29T18:38:20","guid":{"rendered":"https:\/\/www.stemcell-host.com\/espanol\/?p=870"},"modified":"2019-07-29T12:38:20","modified_gmt":"2019-07-29T18:38:20","slug":"senales-tempranas-de-autismo","status":"publish","type":"post","link":"https:\/\/www.stemcell-host.com\/espanol\/blog-celulas-madre\/senales-tempranas-de-autismo\/","title":{"rendered":"Se\u00f1ales tempranas de autismo"},"content":{"rendered":"\n\n<div class=\"kk-star-ratings kksr-auto kksr-align-left kksr-valign-top\"\n    data-payload=\"{&quot;align&quot;:&quot;left&quot;,&quot;id&quot;:&quot;870&quot;,&quot;slug&quot;:&quot;default&quot;,&quot;valign&quot;:&quot;top&quot;,&quot;reference&quot;:&quot;auto&quot;,&quot;class&quot;:&quot;&quot;,&quot;count&quot;:&quot;3&quot;,&quot;readonly&quot;:&quot;&quot;,&quot;score&quot;:&quot;5&quot;,&quot;best&quot;:&quot;5&quot;,&quot;gap&quot;:&quot;5&quot;,&quot;greet&quot;:&quot;Rate this post&quot;,&quot;legend&quot;:&quot;5\\\/5 - (3 votes)&quot;,&quot;size&quot;:&quot;24&quot;,&quot;width&quot;:&quot;142.5&quot;,&quot;_legend&quot;:&quot;{score}\\\/{best} - ({count} {votes})&quot;,&quot;font_factor&quot;:&quot;1.25&quot;}\">\n    \n<div class=\"kksr-stars\">\n    \n<div class=\"kksr-stars-inactive\">\n            <div class=\"kksr-star\" data-star=\"1\" style=\"padding-right: 5px\">\n            \n\n<div class=\"kksr-icon\" style=\"width: 24px; height: 24px;\"><\/div>\n        <\/div>\n            <div class=\"kksr-star\" data-star=\"2\" style=\"padding-right: 5px\">\n            \n\n<div class=\"kksr-icon\" style=\"width: 24px; height: 24px;\"><\/div>\n        <\/div>\n            <div class=\"kksr-star\" data-star=\"3\" style=\"padding-right: 5px\">\n            \n\n<div class=\"kksr-icon\" style=\"width: 24px; height: 24px;\"><\/div>\n        <\/div>\n            <div class=\"kksr-star\" data-star=\"4\" style=\"padding-right: 5px\">\n            \n\n<div class=\"kksr-icon\" style=\"width: 24px; height: 24px;\"><\/div>\n        <\/div>\n            <div class=\"kksr-star\" data-star=\"5\" style=\"padding-right: 5px\">\n            \n\n<div class=\"kksr-icon\" style=\"width: 24px; height: 24px;\"><\/div>\n        <\/div>\n    <\/div>\n    \n<div class=\"kksr-stars-active\" style=\"width: 142.5px;\">\n            <div class=\"kksr-star\" style=\"padding-right: 5px\">\n            \n\n<div class=\"kksr-icon\" style=\"width: 24px; height: 24px;\"><\/div>\n        <\/div>\n            <div class=\"kksr-star\" style=\"padding-right: 5px\">\n            \n\n<div class=\"kksr-icon\" style=\"width: 24px; height: 24px;\"><\/div>\n        <\/div>\n            <div class=\"kksr-star\" style=\"padding-right: 5px\">\n            \n\n<div class=\"kksr-icon\" style=\"width: 24px; height: 24px;\"><\/div>\n        <\/div>\n            <div class=\"kksr-star\" style=\"padding-right: 5px\">\n            \n\n<div class=\"kksr-icon\" style=\"width: 24px; height: 24px;\"><\/div>\n        <\/div>\n            <div class=\"kksr-star\" style=\"padding-right: 5px\">\n            \n\n<div class=\"kksr-icon\" style=\"width: 24px; height: 24px;\"><\/div>\n        <\/div>\n    <\/div>\n<\/div>\n    \n\n<div class=\"kksr-legend\" style=\"font-size: 19.2px;\">\n            5\/5 - (3 votes)    <\/div>\n<\/div>\n<p>En un art\u00edculo reciente de Walaa Ali, quien entrevista a la profesora de psiquiatr\u00eda en la Facultad de Medicina de la Universidad Ain Shams, se habla sobre los signos de autismo que todos los padres deben conocer.<\/p>\n<p>En este sentido, Sheikh explic\u00f3 las principales se\u00f1ales a tener en cuenta a partir de la edad de 1 a 2 a\u00f1os. Esto es lo que ella explic\u00f3:<\/p>\n<p><b>De los 6 a los 12 meses de edad<\/b><br \/>\nDespu\u00e9s de completar los 6 meses, el ni\u00f1o debe poder seguir los movimientos de la madre y mirarla. En el caso de que ella hable e intente jugar con el ni\u00f1o, \u00e9l debe estar atento e interactivo. Adem\u00e1s, la falta de respuesta del ni\u00f1o al escuchar su nombre es uno de los grandes signos de trastornos del autismo. Cuando el ni\u00f1o tiene 12 meses de edad, debe poder responder y saber que la voz y el habla est\u00e1n dirigidos a \u00e9l y, por lo tanto, interactuar con el sonido mirando y emitiendo el sonido.<\/p>\n<p><b>Desde la edad de 1 a 2.5 a\u00f1os<\/b><br \/>\nA esta edad, el ni\u00f1o comienza a hablar e interactuar bastante bien con los dem\u00e1s. Si un padre descubre que su hijo no puede hablar, significa que el ni\u00f1o ya sufre trastornos del autismo y debe visitar a un especialista. Otros signos son si el ni\u00f1o tiene hiperactividad o da c\u00edrculos alrededor de s\u00ed mismo.<\/p>\n<p><b>Fuente:<\/b> http:\/\/www.egypttoday.com\/Article\/6\/72888\/Signs-of-autism-every-parent-must-know-about<\/p>\n","protected":false},"excerpt":{"rendered":"<p>5\/5 &#8211; (3 votes) En un art\u00edculo reciente de Walaa Ali, quien entrevista a la profesora de psiquiatr\u00eda en la Facultad de Medicina de la Universidad Ain Shams, se habla sobre los signos de autismo que todos los padres deben conocer. En este sentido, Sheikh explic\u00f3 las principales se\u00f1ales a tener en cuenta a partir de la edad de 1 a 2 a\u00f1os. Esto es lo que ella explic\u00f3: De los 6 a los 12 meses de edad Despu\u00e9s de&#8230;<\/p>\n","protected":false},"author":6,"featured_media":872,"comment_status":"closed","ping_status":"closed","sticky":false,"template":"","format":"standard","meta":{"_joinchat":[],"footnotes":""},"categories":[1],"tags":[],"class_list":["post-870","post","type-post","status-publish","format-standard","has-post-thumbnail","hentry","category-blog-celulas-madre"],"yoast_head":"<!-- This site is optimized with the Yoast SEO plugin v22.7 - https:\/\/yoast.com\/wordpress\/plugins\/seo\/ -->\n<title>Se\u00f1ales tempranas de autismo - Hematology Outpatient Services<\/title>\n<meta name=\"robots\" content=\"index, follow, max-snippet:-1, max-image-preview:large, max-video-preview:-1\" \/>\n<link rel=\"canonical\" href=\"https:\/\/www.stemcell-host.com\/espanol\/blog-celulas-madre\/senales-tempranas-de-autismo\/\" \/>\n<meta property=\"og:locale\" content=\"es_MX\" \/>\n<meta property=\"og:type\" content=\"article\" \/>\n<meta property=\"og:title\" content=\"Se\u00f1ales tempranas de autismo - Hematology Outpatient Services\" \/>\n<meta property=\"og:description\" content=\"5\/5 - (3 votes) En un art\u00edculo reciente de Walaa Ali, quien entrevista a la profesora de psiquiatr\u00eda en la Facultad de Medicina de la Universidad Ain Shams, se habla sobre los signos de autismo que todos los padres deben conocer. En este sentido, Sheikh explic\u00f3 las principales se\u00f1ales a tener en cuenta a partir de la edad de 1 a 2 a\u00f1os. Esto es lo que ella explic\u00f3: De los 6 a los 12 meses de edad Despu\u00e9s de...\" \/>\n<meta property=\"og:url\" content=\"https:\/\/www.stemcell-host.com\/espanol\/blog-celulas-madre\/senales-tempranas-de-autismo\/\" \/>\n<meta property=\"og:site_name\" content=\"Hematology Outpatient Services\" \/>\n<meta property=\"article:published_time\" content=\"2019-07-29T18:38:20+00:00\" \/>\n<meta property=\"og:image\" content=\"https:\/\/www.stemcell-host.com\/espanol\/wp-content\/uploads\/2019\/07\/sen\u0303ales-de-autismo-a-temprana-edad.jpeg\" \/>\n\t<meta property=\"og:image:width\" content=\"1280\" \/>\n\t<meta property=\"og:image:height\" content=\"853\" \/>\n\t<meta property=\"og:image:type\" content=\"image\/jpeg\" \/>\n<meta name=\"author\" content=\"Rob James\" \/>\n<meta name=\"twitter:card\" content=\"summary_large_image\" \/>\n<meta name=\"twitter:label1\" content=\"Escrito por\" \/>\n\t<meta name=\"twitter:data1\" content=\"Rob James\" \/>\n\t<meta name=\"twitter:label2\" content=\"Tiempo de lectura\" \/>\n\t<meta name=\"twitter:data2\" content=\"1 minuto\" \/>\n<script type=\"application\/ld+json\" class=\"yoast-schema-graph\">{\"@context\":\"https:\/\/schema.org\",\"@graph\":[{\"@type\":\"WebPage\",\"@id\":\"https:\/\/www.stemcell-host.com\/espanol\/blog-celulas-madre\/senales-tempranas-de-autismo\/\",\"url\":\"https:\/\/www.stemcell-host.com\/espanol\/blog-celulas-madre\/senales-tempranas-de-autismo\/\",\"name\":\"Se\u00f1ales tempranas de autismo - Hematology Outpatient Services\",\"isPartOf\":{\"@id\":\"https:\/\/www.stemcell-host.com\/espanol\/#website\"},\"primaryImageOfPage\":{\"@id\":\"https:\/\/www.stemcell-host.com\/espanol\/blog-celulas-madre\/senales-tempranas-de-autismo\/#primaryimage\"},\"image\":{\"@id\":\"https:\/\/www.stemcell-host.com\/espanol\/blog-celulas-madre\/senales-tempranas-de-autismo\/#primaryimage\"},\"thumbnailUrl\":\"https:\/\/www.stemcell-host.com\/espanol\/wp-content\/uploads\/2019\/07\/sen\u0303ales-de-autismo-a-temprana-edad.jpeg\",\"datePublished\":\"2019-07-29T18:38:20+00:00\",\"dateModified\":\"2019-07-29T18:38:20+00:00\",\"author\":{\"@id\":\"https:\/\/www.stemcell-host.com\/espanol\/#\/schema\/person\/59198139901e9d48f8df1fffeb00a12c\"},\"breadcrumb\":{\"@id\":\"https:\/\/www.stemcell-host.com\/espanol\/blog-celulas-madre\/senales-tempranas-de-autismo\/#breadcrumb\"},\"inLanguage\":\"es\",\"potentialAction\":[{\"@type\":\"ReadAction\",\"target\":[\"https:\/\/www.stemcell-host.com\/espanol\/blog-celulas-madre\/senales-tempranas-de-autismo\/\"]}]},{\"@type\":\"ImageObject\",\"inLanguage\":\"es\",\"@id\":\"https:\/\/www.stemcell-host.com\/espanol\/blog-celulas-madre\/senales-tempranas-de-autismo\/#primaryimage\",\"url\":\"https:\/\/www.stemcell-host.com\/espanol\/wp-content\/uploads\/2019\/07\/sen\u0303ales-de-autismo-a-temprana-edad.jpeg\",\"contentUrl\":\"https:\/\/www.stemcell-host.com\/espanol\/wp-content\/uploads\/2019\/07\/sen\u0303ales-de-autismo-a-temprana-edad.jpeg\",\"width\":1280,\"height\":853},{\"@type\":\"BreadcrumbList\",\"@id\":\"https:\/\/www.stemcell-host.com\/espanol\/blog-celulas-madre\/senales-tempranas-de-autismo\/#breadcrumb\",\"itemListElement\":[{\"@type\":\"ListItem\",\"position\":1,\"name\":\"Inicio\",\"item\":\"https:\/\/www.stemcell-host.com\/espanol\/\"},{\"@type\":\"ListItem\",\"position\":2,\"name\":\"Se\u00f1ales tempranas de autismo\"}]},{\"@type\":\"WebSite\",\"@id\":\"https:\/\/www.stemcell-host.com\/espanol\/#website\",\"url\":\"https:\/\/www.stemcell-host.com\/espanol\/\",\"name\":\"Hematology Outpatient Services\",\"description\":\"\",\"potentialAction\":[{\"@type\":\"SearchAction\",\"target\":{\"@type\":\"EntryPoint\",\"urlTemplate\":\"https:\/\/www.stemcell-host.com\/espanol\/?s={search_term_string}\"},\"query-input\":\"required name=search_term_string\"}],\"inLanguage\":\"es\"},{\"@type\":\"Person\",\"@id\":\"https:\/\/www.stemcell-host.com\/espanol\/#\/schema\/person\/59198139901e9d48f8df1fffeb00a12c\",\"name\":\"Rob James\",\"image\":{\"@type\":\"ImageObject\",\"inLanguage\":\"es\",\"@id\":\"https:\/\/www.stemcell-host.com\/espanol\/#\/schema\/person\/image\/\",\"url\":\"https:\/\/secure.gravatar.com\/avatar\/fe880524de2b5cedac8b3488fb4609e7ae39341f616dc1a1f1f6f1a097e9ec93?s=96&d=mm&r=g\",\"contentUrl\":\"https:\/\/secure.gravatar.com\/avatar\/fe880524de2b5cedac8b3488fb4609e7ae39341f616dc1a1f1f6f1a097e9ec93?s=96&d=mm&r=g\",\"caption\":\"Rob James\"}}]}<\/script>\n<!-- \/ Yoast SEO plugin. -->","yoast_head_json":{"title":"Se\u00f1ales tempranas de autismo - Hematology Outpatient Services","robots":{"index":"index","follow":"follow","max-snippet":"max-snippet:-1","max-image-preview":"max-image-preview:large","max-video-preview":"max-video-preview:-1"},"canonical":"https:\/\/www.stemcell-host.com\/espanol\/blog-celulas-madre\/senales-tempranas-de-autismo\/","og_locale":"es_MX","og_type":"article","og_title":"Se\u00f1ales tempranas de autismo - Hematology Outpatient Services","og_description":"5\/5 - (3 votes) En un art\u00edculo reciente de Walaa Ali, quien entrevista a la profesora de psiquiatr\u00eda en la Facultad de Medicina de la Universidad Ain Shams, se habla sobre los signos de autismo que todos los padres deben conocer. En este sentido, Sheikh explic\u00f3 las principales se\u00f1ales a tener en cuenta a partir de la edad de 1 a 2 a\u00f1os. Esto es lo que ella explic\u00f3: De los 6 a los 12 meses de edad Despu\u00e9s de...","og_url":"https:\/\/www.stemcell-host.com\/espanol\/blog-celulas-madre\/senales-tempranas-de-autismo\/","og_site_name":"Hematology Outpatient Services","article_published_time":"2019-07-29T18:38:20+00:00","og_image":[{"width":1280,"height":853,"url":"https:\/\/www.stemcell-host.com\/espanol\/wp-content\/uploads\/2019\/07\/sen\u0303ales-de-autismo-a-temprana-edad.jpeg","type":"image\/jpeg"}],"author":"Rob James","twitter_card":"summary_large_image","twitter_misc":{"Escrito por":"Rob James","Tiempo de lectura":"1 minuto"},"schema":{"@context":"https:\/\/schema.org","@graph":[{"@type":"WebPage","@id":"https:\/\/www.stemcell-host.com\/espanol\/blog-celulas-madre\/senales-tempranas-de-autismo\/","url":"https:\/\/www.stemcell-host.com\/espanol\/blog-celulas-madre\/senales-tempranas-de-autismo\/","name":"Se\u00f1ales tempranas de autismo - Hematology Outpatient Services","isPartOf":{"@id":"https:\/\/www.stemcell-host.com\/espanol\/#website"},"primaryImageOfPage":{"@id":"https:\/\/www.stemcell-host.com\/espanol\/blog-celulas-madre\/senales-tempranas-de-autismo\/#primaryimage"},"image":{"@id":"https:\/\/www.stemcell-host.com\/espanol\/blog-celulas-madre\/senales-tempranas-de-autismo\/#primaryimage"},"thumbnailUrl":"https:\/\/www.stemcell-host.com\/espanol\/wp-content\/uploads\/2019\/07\/sen\u0303ales-de-autismo-a-temprana-edad.jpeg","datePublished":"2019-07-29T18:38:20+00:00","dateModified":"2019-07-29T18:38:20+00:00","author":{"@id":"https:\/\/www.stemcell-host.com\/espanol\/#\/schema\/person\/59198139901e9d48f8df1fffeb00a12c"},"breadcrumb":{"@id":"https:\/\/www.stemcell-host.com\/espanol\/blog-celulas-madre\/senales-tempranas-de-autismo\/#breadcrumb"},"inLanguage":"es","potentialAction":[{"@type":"ReadAction","target":["https:\/\/www.stemcell-host.com\/espanol\/blog-celulas-madre\/senales-tempranas-de-autismo\/"]}]},{"@type":"ImageObject","inLanguage":"es","@id":"https:\/\/www.stemcell-host.com\/espanol\/blog-celulas-madre\/senales-tempranas-de-autismo\/#primaryimage","url":"https:\/\/www.stemcell-host.com\/espanol\/wp-content\/uploads\/2019\/07\/sen\u0303ales-de-autismo-a-temprana-edad.jpeg","contentUrl":"https:\/\/www.stemcell-host.com\/espanol\/wp-content\/uploads\/2019\/07\/sen\u0303ales-de-autismo-a-temprana-edad.jpeg","width":1280,"height":853},{"@type":"BreadcrumbList","@id":"https:\/\/www.stemcell-host.com\/espanol\/blog-celulas-madre\/senales-tempranas-de-autismo\/#breadcrumb","itemListElement":[{"@type":"ListItem","position":1,"name":"Inicio","item":"https:\/\/www.stemcell-host.com\/espanol\/"},{"@type":"ListItem","position":2,"name":"Se\u00f1ales tempranas de autismo"}]},{"@type":"WebSite","@id":"https:\/\/www.stemcell-host.com\/espanol\/#website","url":"https:\/\/www.stemcell-host.com\/espanol\/","name":"Hematology Outpatient Services","description":"","potentialAction":[{"@type":"SearchAction","target":{"@type":"EntryPoint","urlTemplate":"https:\/\/www.stemcell-host.com\/espanol\/?s={search_term_string}"},"query-input":"required name=search_term_string"}],"inLanguage":"es"},{"@type":"Person","@id":"https:\/\/www.stemcell-host.com\/espanol\/#\/schema\/person\/59198139901e9d48f8df1fffeb00a12c","name":"Rob James","image":{"@type":"ImageObject","inLanguage":"es","@id":"https:\/\/www.stemcell-host.com\/espanol\/#\/schema\/person\/image\/","url":"https:\/\/secure.gravatar.com\/avatar\/fe880524de2b5cedac8b3488fb4609e7ae39341f616dc1a1f1f6f1a097e9ec93?s=96&d=mm&r=g","contentUrl":"https:\/\/secure.gravatar.com\/avatar\/fe880524de2b5cedac8b3488fb4609e7ae39341f616dc1a1f1f6f1a097e9ec93?s=96&d=mm&r=g","caption":"Rob James"}}]}},"_links":{"self":[{"href":"https:\/\/www.stemcell-host.com\/espanol\/wp-json\/wp\/v2\/posts\/870","targetHints":{"allow":["GET"]}}],"collection":[{"href":"https:\/\/www.stemcell-host.com\/espanol\/wp-json\/wp\/v2\/posts"}],"about":[{"href":"https:\/\/www.stemcell-host.com\/espanol\/wp-json\/wp\/v2\/types\/post"}],"author":[{"embeddable":true,"href":"https:\/\/www.stemcell-host.com\/espanol\/wp-json\/wp\/v2\/users\/6"}],"replies":[{"embeddable":true,"href":"https:\/\/www.stemcell-host.com\/espanol\/wp-json\/wp\/v2\/comments?post=870"}],"version-history":[{"count":2,"href":"https:\/\/www.stemcell-host.com\/espanol\/wp-json\/wp\/v2\/posts\/870\/revisions"}],"predecessor-version":[{"id":873,"href":"https:\/\/www.stemcell-host.com\/espanol\/wp-json\/wp\/v2\/posts\/870\/revisions\/873"}],"wp:featuredmedia":[{"embeddable":true,"href":"https:\/\/www.stemcell-host.com\/espanol\/wp-json\/wp\/v2\/media\/872"}],"wp:attachment":[{"href":"https:\/\/www.stemcell-host.com\/espanol\/wp-json\/wp\/v2\/media?parent=870"}],"wp:term":[{"taxonomy":"category","embeddable":true,"href":"https:\/\/www.stemcell-host.com\/espanol\/wp-json\/wp\/v2\/categories?post=870"},{"taxonomy":"post_tag","embeddable":true,"href":"https:\/\/www.stemcell-host.com\/espanol\/wp-json\/wp\/v2\/tags?post=870"}],"curies":[{"name":"wp","href":"https:\/\/api.w.org\/{rel}","templated":true}]}}