{"id":757,"date":"2019-05-19T11:20:04","date_gmt":"2019-05-19T17:20:04","guid":{"rendered":"https:\/\/www.stemcell-host.com\/espanol\/?p=757"},"modified":"2019-05-21T12:20:55","modified_gmt":"2019-05-21T18:20:55","slug":"isabel-gutierrez-tener-un-nino-con-asperger-es-maravilloso-parte-1","status":"publish","type":"post","link":"https:\/\/www.stemcell-host.com\/espanol\/blog-celulas-madre\/isabel-gutierrez-tener-un-nino-con-asperger-es-maravilloso-parte-1\/","title":{"rendered":"Isabel Guti\u00e9rrez: \u201cTener un ni\u00f1o con asperger es maravilloso\u201d PARTE 1"},"content":{"rendered":"\n\n<div class=\"kk-star-ratings kksr-auto kksr-align-left kksr-valign-top\"\n    data-payload=\"{&quot;align&quot;:&quot;left&quot;,&quot;id&quot;:&quot;757&quot;,&quot;slug&quot;:&quot;default&quot;,&quot;valign&quot;:&quot;top&quot;,&quot;reference&quot;:&quot;auto&quot;,&quot;class&quot;:&quot;&quot;,&quot;count&quot;:&quot;0&quot;,&quot;readonly&quot;:&quot;&quot;,&quot;score&quot;:&quot;0&quot;,&quot;best&quot;:&quot;5&quot;,&quot;gap&quot;:&quot;5&quot;,&quot;greet&quot;:&quot;Rate this post&quot;,&quot;legend&quot;:&quot;0\\\/5 - (0 votes)&quot;,&quot;size&quot;:&quot;24&quot;,&quot;width&quot;:&quot;0&quot;,&quot;_legend&quot;:&quot;{score}\\\/{best} - ({count} {votes})&quot;,&quot;font_factor&quot;:&quot;1.25&quot;}\">\n    \n<div class=\"kksr-stars\">\n    \n<div class=\"kksr-stars-inactive\">\n            <div class=\"kksr-star\" data-star=\"1\" style=\"padding-right: 5px\">\n            \n\n<div class=\"kksr-icon\" style=\"width: 24px; height: 24px;\"><\/div>\n        <\/div>\n            <div class=\"kksr-star\" data-star=\"2\" style=\"padding-right: 5px\">\n            \n\n<div class=\"kksr-icon\" style=\"width: 24px; height: 24px;\"><\/div>\n        <\/div>\n            <div class=\"kksr-star\" data-star=\"3\" style=\"padding-right: 5px\">\n            \n\n<div class=\"kksr-icon\" style=\"width: 24px; height: 24px;\"><\/div>\n        <\/div>\n            <div class=\"kksr-star\" data-star=\"4\" style=\"padding-right: 5px\">\n            \n\n<div class=\"kksr-icon\" style=\"width: 24px; height: 24px;\"><\/div>\n        <\/div>\n            <div class=\"kksr-star\" data-star=\"5\" style=\"padding-right: 5px\">\n            \n\n<div class=\"kksr-icon\" style=\"width: 24px; height: 24px;\"><\/div>\n        <\/div>\n    <\/div>\n    \n<div class=\"kksr-stars-active\" style=\"width: 0px;\">\n            <div class=\"kksr-star\" style=\"padding-right: 5px\">\n            \n\n<div class=\"kksr-icon\" style=\"width: 24px; height: 24px;\"><\/div>\n        <\/div>\n            <div class=\"kksr-star\" style=\"padding-right: 5px\">\n            \n\n<div class=\"kksr-icon\" style=\"width: 24px; height: 24px;\"><\/div>\n        <\/div>\n            <div class=\"kksr-star\" style=\"padding-right: 5px\">\n            \n\n<div class=\"kksr-icon\" style=\"width: 24px; height: 24px;\"><\/div>\n        <\/div>\n            <div class=\"kksr-star\" style=\"padding-right: 5px\">\n            \n\n<div class=\"kksr-icon\" style=\"width: 24px; height: 24px;\"><\/div>\n        <\/div>\n            <div class=\"kksr-star\" style=\"padding-right: 5px\">\n            \n\n<div class=\"kksr-icon\" style=\"width: 24px; height: 24px;\"><\/div>\n        <\/div>\n    <\/div>\n<\/div>\n    \n\n<div class=\"kksr-legend\" style=\"font-size: 19.2px;\">\n            <span class=\"kksr-muted\">Rate this post<\/span>\n    <\/div>\n<\/div>\n<p><em>&#8220;La premisa fue c\u00f3mo le explicamos a los otros ni\u00f1os que mi hijo tiene Asperger y que no es algo malo. As\u00ed, ese miedo o extra\u00f1eza que se podr\u00edan generar por sus reacciones se deb\u00edan convertir, m\u00e1s bien, en curiosidad&#8221;<\/em>, se\u00f1ala la autora del &#8216;Aspie, un cachorro At\u00edpico&#8217;.<\/p>\n<p>Su idea inicial fue imprimir solo cien ejemplares del cuento para repartir entre los amigos de su hijo Vasco, quien tiene\u00a0s\u00edndrome de Asperger.\u00a0\u00a0A sus seis a\u00f1os reci\u00e9n lo pudieron diagnosticar, tras acudir al neur\u00f3logo y al psiquiatra infantil, despu\u00e9s de varias terapias e idas y venidas con diferentes especialistas. Isabel nos recibe en su casa, junto a toda su familia, horas antes de la presentaci\u00f3n del cuento.\u00a0Ella es una especie de evangelizadora del asperger, por eso escribi\u00f3 el cuento,\u00a0para que todos conozcamos un poquito m\u00e1s de esta condici\u00f3n y as\u00ed ir desapareciendo cualquier prejuicio.<\/p>\n<p><strong>-\u00bfPor qu\u00e9 te interes\u00f3 abordar el tema del asperger?\u2028<\/strong><\/p>\n<p>Porque yo tengo un ni\u00f1o con s\u00edndrome de Asperger. Cuando yo estaba en el colegio escrib\u00ed cuentos, de hecho quise estudiar Literatura o Filosof\u00eda, pero termin\u00e9 de estudiar en los noventa y mi mam\u00e1 me dijo que si quer\u00eda una de esas carreras, yo me lo tendr\u00eda que pagar. Entonces, estudi\u00e9 Derecho y siempre he trabajado en estudios de abogados, pero como hobby leo un mont\u00f3n y he escrito algunas cosas, pero nunca hab\u00eda pensado en publicar porque no escribo a un nivel profesional. Escribo porque me gusta.<\/p>\n<p><strong>-\u00bfC\u00f3mo nace Aspie, tu libro?<\/strong><\/p>\n<p>Mi ni\u00f1o ya est\u00e1 entrando a segundo grado de primaria y me empieza a preocupar que sus amigos del colegio, que es un colegio regular, lo entiendan mejor, porque a sus seis a\u00f1os ya empiezan a notarse&#8230; no s\u00e9 si las diferencias, porque en alg\u00fan momento le pregunt\u00e9 a \u00e9l: \u2018Vasco, \u00bft\u00fa te sientes diferente?\u2019. Quer\u00eda ver si ya deb\u00eda hablarle del tema y me dijo: \u2018No, todos somos diferentes\u2019. Pero algunos lo son un poquito m\u00e1s, \u00e9l, por ejemplo, tiene algunas reacciones inesperadas, que no son ni buenas ni malas, simplemente que no se esperan.<\/p>\n<p><strong>-\u00bfEso empez\u00f3 a despertar curiosidad en sus amigos?<\/strong><\/p>\n<p>S\u00ed, adem\u00e1s, nosotros reci\u00e9n tuvimos su diagn\u00f3stico a los seis a\u00f1os. Los ni\u00f1os se iban a dar cuenta porque \u00e9l llega a todas las metas de aprendizaje en su colegio, pero mediante un proceso diferente. \u00c9l tiene grandes amigos, pero sus din\u00e1micas son otras. Le gusta ver c\u00f3mo otros juegan, pero no le gusta participar mucho, le abruman los ruidos, no le gusta que se le amontonen y lo abracen todos. Por eso la premisa fue c\u00f3mo le explicamos a sus amigos que \u00e9l tiene Asperguer y que no es algo malo. As\u00ed, ese miedo o extra\u00f1eza que se podr\u00edan generar por sus reacciones se deb\u00edan convertir m\u00e1s bien en curiosidad.<\/p>\n<p><strong>-\u00bfEra un cuento solo para los amigos de Vasco?<\/strong><\/p>\n<p>Al inicio s\u00ed. Y mi mejor aliada en ese tema fue mi hija Catalina, que es la melliza de Vasco. Con ella empec\u00e9 con el proyecto. Yo ten\u00eda la idea, la iba escribiendo y ella hac\u00eda unos dibujos de nuestro perro Tyrion. Le dije que usar\u00edamos esas im\u00e1genes para el cuento. Lo terminamos y lo iba a mandar a imprimir por mi cuenta. Averig\u00fc\u00e9 toda la cuesti\u00f3n legal y los temas tributarios. Pero cuando fui a la imprenta, los se\u00f1ores me recomendaron enviarlo a una editorial porque les pareci\u00f3 bonito. As\u00ed que lo mand\u00e9 al correo que me dieron y a las dos horas me contestaron que les encant\u00f3 y tres meses despu\u00e9s sali\u00f3 publicado.<\/p>\n<p>&#8211;<strong>\u00bfCu\u00e1l es la intenci\u00f3n de este libro?<\/strong><\/p>\n<p>Estoy convencida de que va a ayudar mucho a que los ni\u00f1os y tambi\u00e9n los padres \u2013por eso he puesto al final un glosario\u2013 entiendan lo que es el asperger. Yo me dedico todo el tiempo posible en lugares como la cola del banco o en donde sea a hablar del s\u00edndrome de Asperger, del autismo, a decir lo maravilloso que es que te toque un hijo as\u00ed porque te hace especial, hace que tu familia sea diferente, en el mejor sentido de la palabra. Yo no ten\u00eda paciencia. Mis pobres asistentes, cuando yo no ten\u00eda hijos, me aguantaban los gritos, quer\u00eda que todo salga perfecto. Pero luego de que fui madre, mi paciencia increment\u00f3 exponencialmente, y cuando se es mam\u00e1 de un ni\u00f1o con autismo, la paciencia no tiene l\u00edmites.<\/p>\n<p><strong>-\u00bfC\u00f3mo es la convivencia en el colegio?<\/strong><\/p>\n<p>\u00c9l le tiene terror al cambio. La profesora debe avisarle con mucha anticipaci\u00f3n si es que van a hacer algo diferente a su rutina, ya que puede haber novedades maravillosas, pero Vasco se niega a hacerlas si es que no le han dicho desde antes. Afortunadamente, tiene amigos incre\u00edbles que le dicen \u201cVasquito, no tengas miedo\u201d. Se acercan a contenerlo y ese miedo que puede haber desaparece.<\/p>\n<p>&nbsp;<\/p>\n","protected":false},"excerpt":{"rendered":"<p>Rate this post &#8220;La premisa fue c\u00f3mo le explicamos a los otros ni\u00f1os que mi hijo tiene Asperger y que no es algo malo. As\u00ed, ese miedo o extra\u00f1eza que se podr\u00edan generar por sus reacciones se deb\u00edan convertir, m\u00e1s bien, en curiosidad&#8221;, se\u00f1ala la autora del &#8216;Aspie, un cachorro At\u00edpico&#8217;. Su idea inicial fue imprimir solo cien ejemplares del cuento para repartir entre los amigos de su hijo Vasco, quien tiene\u00a0s\u00edndrome de Asperger.\u00a0\u00a0A sus seis a\u00f1os reci\u00e9n lo pudieron&#8230;<\/p>\n","protected":false},"author":6,"featured_media":758,"comment_status":"closed","ping_status":"closed","sticky":false,"template":"","format":"standard","meta":{"_joinchat":[],"footnotes":""},"categories":[1],"tags":[6,7],"class_list":["post-757","post","type-post","status-publish","format-standard","has-post-thumbnail","hentry","category-blog-celulas-madre","tag-asperger","tag-testimonio"],"yoast_head":"<!-- This site is optimized with the Yoast SEO plugin v22.7 - https:\/\/yoast.com\/wordpress\/plugins\/seo\/ -->\n<title>Isabel Guti\u00e9rrez: \u201cTener un ni\u00f1o con asperger es maravilloso\u201d PARTE 1 - Hematology Outpatient Services<\/title>\n<meta name=\"robots\" content=\"index, follow, max-snippet:-1, max-image-preview:large, max-video-preview:-1\" \/>\n<link rel=\"canonical\" href=\"https:\/\/www.stemcell-host.com\/espanol\/blog-celulas-madre\/isabel-gutierrez-tener-un-nino-con-asperger-es-maravilloso-parte-1\/\" \/>\n<meta property=\"og:locale\" content=\"es_MX\" \/>\n<meta property=\"og:type\" content=\"article\" \/>\n<meta property=\"og:title\" content=\"Isabel Guti\u00e9rrez: \u201cTener un ni\u00f1o con asperger es maravilloso\u201d PARTE 1 - Hematology Outpatient Services\" \/>\n<meta property=\"og:description\" content=\"Rate this post &#8220;La premisa fue c\u00f3mo le explicamos a los otros ni\u00f1os que mi hijo tiene Asperger y que no es algo malo. As\u00ed, ese miedo o extra\u00f1eza que se podr\u00edan generar por sus reacciones se deb\u00edan convertir, m\u00e1s bien, en curiosidad&#8221;, se\u00f1ala la autora del &#8216;Aspie, un cachorro At\u00edpico&#8217;. Su idea inicial fue imprimir solo cien ejemplares del cuento para repartir entre los amigos de su hijo Vasco, quien tiene\u00a0s\u00edndrome de Asperger.\u00a0\u00a0A sus seis a\u00f1os reci\u00e9n lo pudieron...\" \/>\n<meta property=\"og:url\" content=\"https:\/\/www.stemcell-host.com\/espanol\/blog-celulas-madre\/isabel-gutierrez-tener-un-nino-con-asperger-es-maravilloso-parte-1\/\" \/>\n<meta property=\"og:site_name\" content=\"Hematology Outpatient Services\" \/>\n<meta property=\"article:published_time\" content=\"2019-05-19T17:20:04+00:00\" \/>\n<meta property=\"article:modified_time\" content=\"2019-05-21T18:20:55+00:00\" \/>\n<meta property=\"og:image\" content=\"https:\/\/www.stemcell-host.com\/espanol\/wp-content\/uploads\/2019\/05\/Screen-Shot-2019-05-21-at-1.02.39-PM.png\" \/>\n\t<meta property=\"og:image:width\" content=\"694\" \/>\n\t<meta property=\"og:image:height\" content=\"450\" \/>\n\t<meta property=\"og:image:type\" content=\"image\/png\" \/>\n<meta name=\"author\" content=\"Rob James\" \/>\n<meta name=\"twitter:card\" content=\"summary_large_image\" \/>\n<meta name=\"twitter:label1\" content=\"Escrito por\" \/>\n\t<meta name=\"twitter:data1\" content=\"Rob James\" \/>\n\t<meta name=\"twitter:label2\" content=\"Tiempo de lectura\" \/>\n\t<meta name=\"twitter:data2\" content=\"4 minutos\" \/>\n<script type=\"application\/ld+json\" class=\"yoast-schema-graph\">{\"@context\":\"https:\/\/schema.org\",\"@graph\":[{\"@type\":\"WebPage\",\"@id\":\"https:\/\/www.stemcell-host.com\/espanol\/blog-celulas-madre\/isabel-gutierrez-tener-un-nino-con-asperger-es-maravilloso-parte-1\/\",\"url\":\"https:\/\/www.stemcell-host.com\/espanol\/blog-celulas-madre\/isabel-gutierrez-tener-un-nino-con-asperger-es-maravilloso-parte-1\/\",\"name\":\"Isabel Guti\u00e9rrez: \u201cTener un ni\u00f1o con asperger es maravilloso\u201d PARTE 1 - Hematology Outpatient Services\",\"isPartOf\":{\"@id\":\"https:\/\/www.stemcell-host.com\/espanol\/#website\"},\"primaryImageOfPage\":{\"@id\":\"https:\/\/www.stemcell-host.com\/espanol\/blog-celulas-madre\/isabel-gutierrez-tener-un-nino-con-asperger-es-maravilloso-parte-1\/#primaryimage\"},\"image\":{\"@id\":\"https:\/\/www.stemcell-host.com\/espanol\/blog-celulas-madre\/isabel-gutierrez-tener-un-nino-con-asperger-es-maravilloso-parte-1\/#primaryimage\"},\"thumbnailUrl\":\"https:\/\/www.stemcell-host.com\/espanol\/wp-content\/uploads\/2019\/05\/Screen-Shot-2019-05-21-at-1.02.39-PM.png\",\"datePublished\":\"2019-05-19T17:20:04+00:00\",\"dateModified\":\"2019-05-21T18:20:55+00:00\",\"author\":{\"@id\":\"https:\/\/www.stemcell-host.com\/espanol\/#\/schema\/person\/59198139901e9d48f8df1fffeb00a12c\"},\"breadcrumb\":{\"@id\":\"https:\/\/www.stemcell-host.com\/espanol\/blog-celulas-madre\/isabel-gutierrez-tener-un-nino-con-asperger-es-maravilloso-parte-1\/#breadcrumb\"},\"inLanguage\":\"es\",\"potentialAction\":[{\"@type\":\"ReadAction\",\"target\":[\"https:\/\/www.stemcell-host.com\/espanol\/blog-celulas-madre\/isabel-gutierrez-tener-un-nino-con-asperger-es-maravilloso-parte-1\/\"]}]},{\"@type\":\"ImageObject\",\"inLanguage\":\"es\",\"@id\":\"https:\/\/www.stemcell-host.com\/espanol\/blog-celulas-madre\/isabel-gutierrez-tener-un-nino-con-asperger-es-maravilloso-parte-1\/#primaryimage\",\"url\":\"https:\/\/www.stemcell-host.com\/espanol\/wp-content\/uploads\/2019\/05\/Screen-Shot-2019-05-21-at-1.02.39-PM.png\",\"contentUrl\":\"https:\/\/www.stemcell-host.com\/espanol\/wp-content\/uploads\/2019\/05\/Screen-Shot-2019-05-21-at-1.02.39-PM.png\",\"width\":694,\"height\":450},{\"@type\":\"BreadcrumbList\",\"@id\":\"https:\/\/www.stemcell-host.com\/espanol\/blog-celulas-madre\/isabel-gutierrez-tener-un-nino-con-asperger-es-maravilloso-parte-1\/#breadcrumb\",\"itemListElement\":[{\"@type\":\"ListItem\",\"position\":1,\"name\":\"Inicio\",\"item\":\"https:\/\/www.stemcell-host.com\/espanol\/\"},{\"@type\":\"ListItem\",\"position\":2,\"name\":\"Isabel Guti\u00e9rrez: \u201cTener un ni\u00f1o con asperger es maravilloso\u201d PARTE 1\"}]},{\"@type\":\"WebSite\",\"@id\":\"https:\/\/www.stemcell-host.com\/espanol\/#website\",\"url\":\"https:\/\/www.stemcell-host.com\/espanol\/\",\"name\":\"Hematology Outpatient Services\",\"description\":\"\",\"potentialAction\":[{\"@type\":\"SearchAction\",\"target\":{\"@type\":\"EntryPoint\",\"urlTemplate\":\"https:\/\/www.stemcell-host.com\/espanol\/?s={search_term_string}\"},\"query-input\":\"required name=search_term_string\"}],\"inLanguage\":\"es\"},{\"@type\":\"Person\",\"@id\":\"https:\/\/www.stemcell-host.com\/espanol\/#\/schema\/person\/59198139901e9d48f8df1fffeb00a12c\",\"name\":\"Rob James\",\"image\":{\"@type\":\"ImageObject\",\"inLanguage\":\"es\",\"@id\":\"https:\/\/www.stemcell-host.com\/espanol\/#\/schema\/person\/image\/\",\"url\":\"https:\/\/secure.gravatar.com\/avatar\/fe880524de2b5cedac8b3488fb4609e7ae39341f616dc1a1f1f6f1a097e9ec93?s=96&d=mm&r=g\",\"contentUrl\":\"https:\/\/secure.gravatar.com\/avatar\/fe880524de2b5cedac8b3488fb4609e7ae39341f616dc1a1f1f6f1a097e9ec93?s=96&d=mm&r=g\",\"caption\":\"Rob James\"}}]}<\/script>\n<!-- \/ Yoast SEO plugin. -->","yoast_head_json":{"title":"Isabel Guti\u00e9rrez: \u201cTener un ni\u00f1o con asperger es maravilloso\u201d PARTE 1 - Hematology Outpatient Services","robots":{"index":"index","follow":"follow","max-snippet":"max-snippet:-1","max-image-preview":"max-image-preview:large","max-video-preview":"max-video-preview:-1"},"canonical":"https:\/\/www.stemcell-host.com\/espanol\/blog-celulas-madre\/isabel-gutierrez-tener-un-nino-con-asperger-es-maravilloso-parte-1\/","og_locale":"es_MX","og_type":"article","og_title":"Isabel Guti\u00e9rrez: \u201cTener un ni\u00f1o con asperger es maravilloso\u201d PARTE 1 - Hematology Outpatient Services","og_description":"Rate this post &#8220;La premisa fue c\u00f3mo le explicamos a los otros ni\u00f1os que mi hijo tiene Asperger y que no es algo malo. As\u00ed, ese miedo o extra\u00f1eza que se podr\u00edan generar por sus reacciones se deb\u00edan convertir, m\u00e1s bien, en curiosidad&#8221;, se\u00f1ala la autora del &#8216;Aspie, un cachorro At\u00edpico&#8217;. Su idea inicial fue imprimir solo cien ejemplares del cuento para repartir entre los amigos de su hijo Vasco, quien tiene\u00a0s\u00edndrome de Asperger.\u00a0\u00a0A sus seis a\u00f1os reci\u00e9n lo pudieron...","og_url":"https:\/\/www.stemcell-host.com\/espanol\/blog-celulas-madre\/isabel-gutierrez-tener-un-nino-con-asperger-es-maravilloso-parte-1\/","og_site_name":"Hematology Outpatient Services","article_published_time":"2019-05-19T17:20:04+00:00","article_modified_time":"2019-05-21T18:20:55+00:00","og_image":[{"width":694,"height":450,"url":"https:\/\/www.stemcell-host.com\/espanol\/wp-content\/uploads\/2019\/05\/Screen-Shot-2019-05-21-at-1.02.39-PM.png","type":"image\/png"}],"author":"Rob James","twitter_card":"summary_large_image","twitter_misc":{"Escrito por":"Rob James","Tiempo de lectura":"4 minutos"},"schema":{"@context":"https:\/\/schema.org","@graph":[{"@type":"WebPage","@id":"https:\/\/www.stemcell-host.com\/espanol\/blog-celulas-madre\/isabel-gutierrez-tener-un-nino-con-asperger-es-maravilloso-parte-1\/","url":"https:\/\/www.stemcell-host.com\/espanol\/blog-celulas-madre\/isabel-gutierrez-tener-un-nino-con-asperger-es-maravilloso-parte-1\/","name":"Isabel Guti\u00e9rrez: \u201cTener un ni\u00f1o con asperger es maravilloso\u201d PARTE 1 - Hematology Outpatient Services","isPartOf":{"@id":"https:\/\/www.stemcell-host.com\/espanol\/#website"},"primaryImageOfPage":{"@id":"https:\/\/www.stemcell-host.com\/espanol\/blog-celulas-madre\/isabel-gutierrez-tener-un-nino-con-asperger-es-maravilloso-parte-1\/#primaryimage"},"image":{"@id":"https:\/\/www.stemcell-host.com\/espanol\/blog-celulas-madre\/isabel-gutierrez-tener-un-nino-con-asperger-es-maravilloso-parte-1\/#primaryimage"},"thumbnailUrl":"https:\/\/www.stemcell-host.com\/espanol\/wp-content\/uploads\/2019\/05\/Screen-Shot-2019-05-21-at-1.02.39-PM.png","datePublished":"2019-05-19T17:20:04+00:00","dateModified":"2019-05-21T18:20:55+00:00","author":{"@id":"https:\/\/www.stemcell-host.com\/espanol\/#\/schema\/person\/59198139901e9d48f8df1fffeb00a12c"},"breadcrumb":{"@id":"https:\/\/www.stemcell-host.com\/espanol\/blog-celulas-madre\/isabel-gutierrez-tener-un-nino-con-asperger-es-maravilloso-parte-1\/#breadcrumb"},"inLanguage":"es","potentialAction":[{"@type":"ReadAction","target":["https:\/\/www.stemcell-host.com\/espanol\/blog-celulas-madre\/isabel-gutierrez-tener-un-nino-con-asperger-es-maravilloso-parte-1\/"]}]},{"@type":"ImageObject","inLanguage":"es","@id":"https:\/\/www.stemcell-host.com\/espanol\/blog-celulas-madre\/isabel-gutierrez-tener-un-nino-con-asperger-es-maravilloso-parte-1\/#primaryimage","url":"https:\/\/www.stemcell-host.com\/espanol\/wp-content\/uploads\/2019\/05\/Screen-Shot-2019-05-21-at-1.02.39-PM.png","contentUrl":"https:\/\/www.stemcell-host.com\/espanol\/wp-content\/uploads\/2019\/05\/Screen-Shot-2019-05-21-at-1.02.39-PM.png","width":694,"height":450},{"@type":"BreadcrumbList","@id":"https:\/\/www.stemcell-host.com\/espanol\/blog-celulas-madre\/isabel-gutierrez-tener-un-nino-con-asperger-es-maravilloso-parte-1\/#breadcrumb","itemListElement":[{"@type":"ListItem","position":1,"name":"Inicio","item":"https:\/\/www.stemcell-host.com\/espanol\/"},{"@type":"ListItem","position":2,"name":"Isabel Guti\u00e9rrez: \u201cTener un ni\u00f1o con asperger es maravilloso\u201d PARTE 1"}]},{"@type":"WebSite","@id":"https:\/\/www.stemcell-host.com\/espanol\/#website","url":"https:\/\/www.stemcell-host.com\/espanol\/","name":"Hematology Outpatient Services","description":"","potentialAction":[{"@type":"SearchAction","target":{"@type":"EntryPoint","urlTemplate":"https:\/\/www.stemcell-host.com\/espanol\/?s={search_term_string}"},"query-input":"required name=search_term_string"}],"inLanguage":"es"},{"@type":"Person","@id":"https:\/\/www.stemcell-host.com\/espanol\/#\/schema\/person\/59198139901e9d48f8df1fffeb00a12c","name":"Rob James","image":{"@type":"ImageObject","inLanguage":"es","@id":"https:\/\/www.stemcell-host.com\/espanol\/#\/schema\/person\/image\/","url":"https:\/\/secure.gravatar.com\/avatar\/fe880524de2b5cedac8b3488fb4609e7ae39341f616dc1a1f1f6f1a097e9ec93?s=96&d=mm&r=g","contentUrl":"https:\/\/secure.gravatar.com\/avatar\/fe880524de2b5cedac8b3488fb4609e7ae39341f616dc1a1f1f6f1a097e9ec93?s=96&d=mm&r=g","caption":"Rob James"}}]}},"_links":{"self":[{"href":"https:\/\/www.stemcell-host.com\/espanol\/wp-json\/wp\/v2\/posts\/757","targetHints":{"allow":["GET"]}}],"collection":[{"href":"https:\/\/www.stemcell-host.com\/espanol\/wp-json\/wp\/v2\/posts"}],"about":[{"href":"https:\/\/www.stemcell-host.com\/espanol\/wp-json\/wp\/v2\/types\/post"}],"author":[{"embeddable":true,"href":"https:\/\/www.stemcell-host.com\/espanol\/wp-json\/wp\/v2\/users\/6"}],"replies":[{"embeddable":true,"href":"https:\/\/www.stemcell-host.com\/espanol\/wp-json\/wp\/v2\/comments?post=757"}],"version-history":[{"count":1,"href":"https:\/\/www.stemcell-host.com\/espanol\/wp-json\/wp\/v2\/posts\/757\/revisions"}],"predecessor-version":[{"id":759,"href":"https:\/\/www.stemcell-host.com\/espanol\/wp-json\/wp\/v2\/posts\/757\/revisions\/759"}],"wp:featuredmedia":[{"embeddable":true,"href":"https:\/\/www.stemcell-host.com\/espanol\/wp-json\/wp\/v2\/media\/758"}],"wp:attachment":[{"href":"https:\/\/www.stemcell-host.com\/espanol\/wp-json\/wp\/v2\/media?parent=757"}],"wp:term":[{"taxonomy":"category","embeddable":true,"href":"https:\/\/www.stemcell-host.com\/espanol\/wp-json\/wp\/v2\/categories?post=757"},{"taxonomy":"post_tag","embeddable":true,"href":"https:\/\/www.stemcell-host.com\/espanol\/wp-json\/wp\/v2\/tags?post=757"}],"curies":[{"name":"wp","href":"https:\/\/api.w.org\/{rel}","templated":true}]}}