{"id":744,"date":"2019-04-16T09:42:28","date_gmt":"2019-04-16T15:42:28","guid":{"rendered":"https:\/\/www.stemcell-host.com\/espanol\/?p=744"},"modified":"2019-05-16T10:16:53","modified_gmt":"2019-05-16T16:16:53","slug":"autismo-se-puede-detectar-a-los-14-meses","status":"publish","type":"post","link":"https:\/\/www.stemcell-host.com\/espanol\/blog-celulas-madre\/autismo-se-puede-detectar-a-los-14-meses\/","title":{"rendered":"El autismo se puede diagnosticar con precisi\u00f3n a los 14 meses"},"content":{"rendered":"\n\n<div class=\"kk-star-ratings kksr-auto kksr-align-left kksr-valign-top\"\n    data-payload=\"{&quot;align&quot;:&quot;left&quot;,&quot;id&quot;:&quot;744&quot;,&quot;slug&quot;:&quot;default&quot;,&quot;valign&quot;:&quot;top&quot;,&quot;reference&quot;:&quot;auto&quot;,&quot;class&quot;:&quot;&quot;,&quot;count&quot;:&quot;0&quot;,&quot;readonly&quot;:&quot;&quot;,&quot;score&quot;:&quot;0&quot;,&quot;best&quot;:&quot;5&quot;,&quot;gap&quot;:&quot;5&quot;,&quot;greet&quot;:&quot;Rate this post&quot;,&quot;legend&quot;:&quot;0\\\/5 - (0 votes)&quot;,&quot;size&quot;:&quot;24&quot;,&quot;width&quot;:&quot;0&quot;,&quot;_legend&quot;:&quot;{score}\\\/{best} - ({count} {votes})&quot;,&quot;font_factor&quot;:&quot;1.25&quot;}\">\n    \n<div class=\"kksr-stars\">\n    \n<div class=\"kksr-stars-inactive\">\n            <div class=\"kksr-star\" data-star=\"1\" style=\"padding-right: 5px\">\n            \n\n<div class=\"kksr-icon\" style=\"width: 24px; height: 24px;\"><\/div>\n        <\/div>\n            <div class=\"kksr-star\" data-star=\"2\" style=\"padding-right: 5px\">\n            \n\n<div class=\"kksr-icon\" style=\"width: 24px; height: 24px;\"><\/div>\n        <\/div>\n            <div class=\"kksr-star\" data-star=\"3\" style=\"padding-right: 5px\">\n            \n\n<div class=\"kksr-icon\" style=\"width: 24px; height: 24px;\"><\/div>\n        <\/div>\n            <div class=\"kksr-star\" data-star=\"4\" style=\"padding-right: 5px\">\n            \n\n<div class=\"kksr-icon\" style=\"width: 24px; height: 24px;\"><\/div>\n        <\/div>\n            <div class=\"kksr-star\" data-star=\"5\" style=\"padding-right: 5px\">\n            \n\n<div class=\"kksr-icon\" style=\"width: 24px; height: 24px;\"><\/div>\n        <\/div>\n    <\/div>\n    \n<div class=\"kksr-stars-active\" style=\"width: 0px;\">\n            <div class=\"kksr-star\" style=\"padding-right: 5px\">\n            \n\n<div class=\"kksr-icon\" style=\"width: 24px; height: 24px;\"><\/div>\n        <\/div>\n            <div class=\"kksr-star\" style=\"padding-right: 5px\">\n            \n\n<div class=\"kksr-icon\" style=\"width: 24px; height: 24px;\"><\/div>\n        <\/div>\n            <div class=\"kksr-star\" style=\"padding-right: 5px\">\n            \n\n<div class=\"kksr-icon\" style=\"width: 24px; height: 24px;\"><\/div>\n        <\/div>\n            <div class=\"kksr-star\" style=\"padding-right: 5px\">\n            \n\n<div class=\"kksr-icon\" style=\"width: 24px; height: 24px;\"><\/div>\n        <\/div>\n            <div class=\"kksr-star\" style=\"padding-right: 5px\">\n            \n\n<div class=\"kksr-icon\" style=\"width: 24px; height: 24px;\"><\/div>\n        <\/div>\n    <\/div>\n<\/div>\n    \n\n<div class=\"kksr-legend\" style=\"font-size: 19.2px;\">\n            <span class=\"kksr-muted\">Rate this post<\/span>\n    <\/div>\n<\/div>\n<p>Una investigaci\u00f3n de la Universidad de California, en San Diego, ha concluido que el diagn\u00f3stico del trastorno del espectro autista (TEA) a los 14 meses de edad del ni\u00f1o se puede considerar consistente y v\u00e1lido.<\/p>\n<p>Esta investigaci\u00f3n publicada en la revista JAMA Pediatrics parte de la idea de que el TEA se origina en la etapa fetal, hacia el primer o segundo trimestre de embarazo, y que los primeros s\u00edntomas se presentan en el primer a\u00f1o de vida del peque\u00f1o, como no responder a su nombre o no interactuar.<\/p>\n<p>Para realizar el estudio se analiz\u00f3 a 1.269 ni\u00f1os que recibieron su primera evaluaci\u00f3n diagn\u00f3stica entre los 12 y los 36 meses de edad. 441 presentaban TEA y 828 no, y algunos de estos mostraban otros trastornos, como retraso en el lenguaje y en el desarrollo. La consistencia diagn\u00f3stica del TEA fue un 0,84% m\u00e1s alta que en otros grupos.<\/p>\n<p>Solo en el 2% de los ni\u00f1os a los que se les diagnostic\u00f3 este trastorno m\u00e1s adelante se observ\u00f3 que en realidad no lo padec\u00edan. Por el contrario, el 24% de los peque\u00f1os que en las primeras pruebas parec\u00edan no presentar TEA, luego se comprob\u00f3 que s\u00ed. Seg\u00fan los investigadores, con estos datos se puede concluir que el diagn\u00f3stico de TEA es muy seguro y fiable a partir de los 14 meses de edad, incluso m\u00e1s que otros problemas como el retraso en el desarrollo.<\/p>\n<p><strong>Los primeros a\u00f1os de vida, cruciales en el desarrollo cerebral<\/strong><\/p>\n<p>Los autores del estudio se\u00f1alan que el diagn\u00f3stico temprano del TEA permite una mejor evoluci\u00f3n del afectado, pero la realidad es que a menudo se tardan a\u00f1os en detectar este trastorno. Para los investigadores ese retraso es una oportunidad perdida, sobre todo si tenemos en cuenta el importante desarrollo cerebral que se produce en los primeros a\u00f1os de vida de un ni\u00f1o, ya que desde que nace y hasta los dos a\u00f1os, por ejemplo, en su cerebro se duplican las conexiones neuronales en la corteza prefrontal y temporal, que son zonas asociadas al comportamiento social.<\/p>\n<p>Seg\u00fan Karen Pierce, profesora de Neurociencia y codirectora del Centro de Excelencia de Autismo de la Universidad de California y directora del estudio, si los ni\u00f1os con TEA recibieran un tratamiento temprano durante ese periodo de r\u00e1pido crecimiento cerebral los resultados obtenidos ser\u00edan mucho mejores.<\/p>\n<p><em>Fuente: JAMA Pediatrics<\/em><\/p>\n","protected":false},"excerpt":{"rendered":"<p>Rate this post Una investigaci\u00f3n de la Universidad de California, en San Diego, ha concluido que el diagn\u00f3stico del trastorno del espectro autista (TEA) a los 14 meses de edad del ni\u00f1o se puede considerar consistente y v\u00e1lido. Esta investigaci\u00f3n publicada en la revista JAMA Pediatrics parte de la idea de que el TEA se origina en la etapa fetal, hacia el primer o segundo trimestre de embarazo, y que los primeros s\u00edntomas se presentan en el primer a\u00f1o de&#8230;<\/p>\n","protected":false},"author":6,"featured_media":745,"comment_status":"closed","ping_status":"closed","sticky":false,"template":"","format":"standard","meta":{"_joinchat":[],"footnotes":""},"categories":[1],"tags":[],"class_list":["post-744","post","type-post","status-publish","format-standard","has-post-thumbnail","hentry","category-blog-celulas-madre"],"yoast_head":"<!-- This site is optimized with the Yoast SEO plugin v22.7 - https:\/\/yoast.com\/wordpress\/plugins\/seo\/ -->\n<title>El autismo se puede diagnosticar con precisi\u00f3n a los 14 meses - Hematology Outpatient Services<\/title>\n<meta name=\"robots\" content=\"index, follow, max-snippet:-1, max-image-preview:large, max-video-preview:-1\" \/>\n<link rel=\"canonical\" href=\"https:\/\/www.stemcell-host.com\/espanol\/blog-celulas-madre\/autismo-se-puede-detectar-a-los-14-meses\/\" \/>\n<meta property=\"og:locale\" content=\"es_MX\" \/>\n<meta property=\"og:type\" content=\"article\" \/>\n<meta property=\"og:title\" content=\"El autismo se puede diagnosticar con precisi\u00f3n a los 14 meses - Hematology Outpatient Services\" \/>\n<meta property=\"og:description\" content=\"Rate this post Una investigaci\u00f3n de la Universidad de California, en San Diego, ha concluido que el diagn\u00f3stico del trastorno del espectro autista (TEA) a los 14 meses de edad del ni\u00f1o se puede considerar consistente y v\u00e1lido. Esta investigaci\u00f3n publicada en la revista JAMA Pediatrics parte de la idea de que el TEA se origina en la etapa fetal, hacia el primer o segundo trimestre de embarazo, y que los primeros s\u00edntomas se presentan en el primer a\u00f1o de...\" \/>\n<meta property=\"og:url\" content=\"https:\/\/www.stemcell-host.com\/espanol\/blog-celulas-madre\/autismo-se-puede-detectar-a-los-14-meses\/\" \/>\n<meta property=\"og:site_name\" content=\"Hematology Outpatient Services\" \/>\n<meta property=\"article:published_time\" content=\"2019-04-16T15:42:28+00:00\" \/>\n<meta property=\"article:modified_time\" content=\"2019-05-16T16:16:53+00:00\" \/>\n<meta property=\"og:image\" content=\"https:\/\/www.stemcell-host.com\/espanol\/wp-content\/uploads\/2019\/05\/ninioautismo.jpg\" \/>\n\t<meta property=\"og:image:width\" content=\"1920\" \/>\n\t<meta property=\"og:image:height\" content=\"1024\" \/>\n\t<meta property=\"og:image:type\" content=\"image\/jpeg\" \/>\n<meta name=\"author\" content=\"Rob James\" \/>\n<meta name=\"twitter:card\" content=\"summary_large_image\" \/>\n<meta name=\"twitter:label1\" content=\"Escrito por\" \/>\n\t<meta name=\"twitter:data1\" content=\"Rob James\" \/>\n\t<meta name=\"twitter:label2\" content=\"Tiempo de lectura\" \/>\n\t<meta name=\"twitter:data2\" content=\"2 minutos\" \/>\n<script type=\"application\/ld+json\" class=\"yoast-schema-graph\">{\"@context\":\"https:\/\/schema.org\",\"@graph\":[{\"@type\":\"WebPage\",\"@id\":\"https:\/\/www.stemcell-host.com\/espanol\/blog-celulas-madre\/autismo-se-puede-detectar-a-los-14-meses\/\",\"url\":\"https:\/\/www.stemcell-host.com\/espanol\/blog-celulas-madre\/autismo-se-puede-detectar-a-los-14-meses\/\",\"name\":\"El autismo se puede diagnosticar con precisi\u00f3n a los 14 meses - Hematology Outpatient Services\",\"isPartOf\":{\"@id\":\"https:\/\/www.stemcell-host.com\/espanol\/#website\"},\"primaryImageOfPage\":{\"@id\":\"https:\/\/www.stemcell-host.com\/espanol\/blog-celulas-madre\/autismo-se-puede-detectar-a-los-14-meses\/#primaryimage\"},\"image\":{\"@id\":\"https:\/\/www.stemcell-host.com\/espanol\/blog-celulas-madre\/autismo-se-puede-detectar-a-los-14-meses\/#primaryimage\"},\"thumbnailUrl\":\"https:\/\/www.stemcell-host.com\/espanol\/wp-content\/uploads\/2019\/05\/ninioautismo.jpg\",\"datePublished\":\"2019-04-16T15:42:28+00:00\",\"dateModified\":\"2019-05-16T16:16:53+00:00\",\"author\":{\"@id\":\"https:\/\/www.stemcell-host.com\/espanol\/#\/schema\/person\/59198139901e9d48f8df1fffeb00a12c\"},\"breadcrumb\":{\"@id\":\"https:\/\/www.stemcell-host.com\/espanol\/blog-celulas-madre\/autismo-se-puede-detectar-a-los-14-meses\/#breadcrumb\"},\"inLanguage\":\"es\",\"potentialAction\":[{\"@type\":\"ReadAction\",\"target\":[\"https:\/\/www.stemcell-host.com\/espanol\/blog-celulas-madre\/autismo-se-puede-detectar-a-los-14-meses\/\"]}]},{\"@type\":\"ImageObject\",\"inLanguage\":\"es\",\"@id\":\"https:\/\/www.stemcell-host.com\/espanol\/blog-celulas-madre\/autismo-se-puede-detectar-a-los-14-meses\/#primaryimage\",\"url\":\"https:\/\/www.stemcell-host.com\/espanol\/wp-content\/uploads\/2019\/05\/ninioautismo.jpg\",\"contentUrl\":\"https:\/\/www.stemcell-host.com\/espanol\/wp-content\/uploads\/2019\/05\/ninioautismo.jpg\",\"width\":1920,\"height\":1024,\"caption\":\"autismo\"},{\"@type\":\"BreadcrumbList\",\"@id\":\"https:\/\/www.stemcell-host.com\/espanol\/blog-celulas-madre\/autismo-se-puede-detectar-a-los-14-meses\/#breadcrumb\",\"itemListElement\":[{\"@type\":\"ListItem\",\"position\":1,\"name\":\"Inicio\",\"item\":\"https:\/\/www.stemcell-host.com\/espanol\/\"},{\"@type\":\"ListItem\",\"position\":2,\"name\":\"El autismo se puede diagnosticar con precisi\u00f3n a los 14 meses\"}]},{\"@type\":\"WebSite\",\"@id\":\"https:\/\/www.stemcell-host.com\/espanol\/#website\",\"url\":\"https:\/\/www.stemcell-host.com\/espanol\/\",\"name\":\"Hematology Outpatient Services\",\"description\":\"\",\"potentialAction\":[{\"@type\":\"SearchAction\",\"target\":{\"@type\":\"EntryPoint\",\"urlTemplate\":\"https:\/\/www.stemcell-host.com\/espanol\/?s={search_term_string}\"},\"query-input\":\"required name=search_term_string\"}],\"inLanguage\":\"es\"},{\"@type\":\"Person\",\"@id\":\"https:\/\/www.stemcell-host.com\/espanol\/#\/schema\/person\/59198139901e9d48f8df1fffeb00a12c\",\"name\":\"Rob James\",\"image\":{\"@type\":\"ImageObject\",\"inLanguage\":\"es\",\"@id\":\"https:\/\/www.stemcell-host.com\/espanol\/#\/schema\/person\/image\/\",\"url\":\"https:\/\/secure.gravatar.com\/avatar\/fe880524de2b5cedac8b3488fb4609e7ae39341f616dc1a1f1f6f1a097e9ec93?s=96&d=mm&r=g\",\"contentUrl\":\"https:\/\/secure.gravatar.com\/avatar\/fe880524de2b5cedac8b3488fb4609e7ae39341f616dc1a1f1f6f1a097e9ec93?s=96&d=mm&r=g\",\"caption\":\"Rob James\"}}]}<\/script>\n<!-- \/ Yoast SEO plugin. -->","yoast_head_json":{"title":"El autismo se puede diagnosticar con precisi\u00f3n a los 14 meses - Hematology Outpatient Services","robots":{"index":"index","follow":"follow","max-snippet":"max-snippet:-1","max-image-preview":"max-image-preview:large","max-video-preview":"max-video-preview:-1"},"canonical":"https:\/\/www.stemcell-host.com\/espanol\/blog-celulas-madre\/autismo-se-puede-detectar-a-los-14-meses\/","og_locale":"es_MX","og_type":"article","og_title":"El autismo se puede diagnosticar con precisi\u00f3n a los 14 meses - Hematology Outpatient Services","og_description":"Rate this post Una investigaci\u00f3n de la Universidad de California, en San Diego, ha concluido que el diagn\u00f3stico del trastorno del espectro autista (TEA) a los 14 meses de edad del ni\u00f1o se puede considerar consistente y v\u00e1lido. Esta investigaci\u00f3n publicada en la revista JAMA Pediatrics parte de la idea de que el TEA se origina en la etapa fetal, hacia el primer o segundo trimestre de embarazo, y que los primeros s\u00edntomas se presentan en el primer a\u00f1o de...","og_url":"https:\/\/www.stemcell-host.com\/espanol\/blog-celulas-madre\/autismo-se-puede-detectar-a-los-14-meses\/","og_site_name":"Hematology Outpatient Services","article_published_time":"2019-04-16T15:42:28+00:00","article_modified_time":"2019-05-16T16:16:53+00:00","og_image":[{"width":1920,"height":1024,"url":"https:\/\/www.stemcell-host.com\/espanol\/wp-content\/uploads\/2019\/05\/ninioautismo.jpg","type":"image\/jpeg"}],"author":"Rob James","twitter_card":"summary_large_image","twitter_misc":{"Escrito por":"Rob James","Tiempo de lectura":"2 minutos"},"schema":{"@context":"https:\/\/schema.org","@graph":[{"@type":"WebPage","@id":"https:\/\/www.stemcell-host.com\/espanol\/blog-celulas-madre\/autismo-se-puede-detectar-a-los-14-meses\/","url":"https:\/\/www.stemcell-host.com\/espanol\/blog-celulas-madre\/autismo-se-puede-detectar-a-los-14-meses\/","name":"El autismo se puede diagnosticar con precisi\u00f3n a los 14 meses - Hematology Outpatient Services","isPartOf":{"@id":"https:\/\/www.stemcell-host.com\/espanol\/#website"},"primaryImageOfPage":{"@id":"https:\/\/www.stemcell-host.com\/espanol\/blog-celulas-madre\/autismo-se-puede-detectar-a-los-14-meses\/#primaryimage"},"image":{"@id":"https:\/\/www.stemcell-host.com\/espanol\/blog-celulas-madre\/autismo-se-puede-detectar-a-los-14-meses\/#primaryimage"},"thumbnailUrl":"https:\/\/www.stemcell-host.com\/espanol\/wp-content\/uploads\/2019\/05\/ninioautismo.jpg","datePublished":"2019-04-16T15:42:28+00:00","dateModified":"2019-05-16T16:16:53+00:00","author":{"@id":"https:\/\/www.stemcell-host.com\/espanol\/#\/schema\/person\/59198139901e9d48f8df1fffeb00a12c"},"breadcrumb":{"@id":"https:\/\/www.stemcell-host.com\/espanol\/blog-celulas-madre\/autismo-se-puede-detectar-a-los-14-meses\/#breadcrumb"},"inLanguage":"es","potentialAction":[{"@type":"ReadAction","target":["https:\/\/www.stemcell-host.com\/espanol\/blog-celulas-madre\/autismo-se-puede-detectar-a-los-14-meses\/"]}]},{"@type":"ImageObject","inLanguage":"es","@id":"https:\/\/www.stemcell-host.com\/espanol\/blog-celulas-madre\/autismo-se-puede-detectar-a-los-14-meses\/#primaryimage","url":"https:\/\/www.stemcell-host.com\/espanol\/wp-content\/uploads\/2019\/05\/ninioautismo.jpg","contentUrl":"https:\/\/www.stemcell-host.com\/espanol\/wp-content\/uploads\/2019\/05\/ninioautismo.jpg","width":1920,"height":1024,"caption":"autismo"},{"@type":"BreadcrumbList","@id":"https:\/\/www.stemcell-host.com\/espanol\/blog-celulas-madre\/autismo-se-puede-detectar-a-los-14-meses\/#breadcrumb","itemListElement":[{"@type":"ListItem","position":1,"name":"Inicio","item":"https:\/\/www.stemcell-host.com\/espanol\/"},{"@type":"ListItem","position":2,"name":"El autismo se puede diagnosticar con precisi\u00f3n a los 14 meses"}]},{"@type":"WebSite","@id":"https:\/\/www.stemcell-host.com\/espanol\/#website","url":"https:\/\/www.stemcell-host.com\/espanol\/","name":"Hematology Outpatient Services","description":"","potentialAction":[{"@type":"SearchAction","target":{"@type":"EntryPoint","urlTemplate":"https:\/\/www.stemcell-host.com\/espanol\/?s={search_term_string}"},"query-input":"required name=search_term_string"}],"inLanguage":"es"},{"@type":"Person","@id":"https:\/\/www.stemcell-host.com\/espanol\/#\/schema\/person\/59198139901e9d48f8df1fffeb00a12c","name":"Rob James","image":{"@type":"ImageObject","inLanguage":"es","@id":"https:\/\/www.stemcell-host.com\/espanol\/#\/schema\/person\/image\/","url":"https:\/\/secure.gravatar.com\/avatar\/fe880524de2b5cedac8b3488fb4609e7ae39341f616dc1a1f1f6f1a097e9ec93?s=96&d=mm&r=g","contentUrl":"https:\/\/secure.gravatar.com\/avatar\/fe880524de2b5cedac8b3488fb4609e7ae39341f616dc1a1f1f6f1a097e9ec93?s=96&d=mm&r=g","caption":"Rob James"}}]}},"_links":{"self":[{"href":"https:\/\/www.stemcell-host.com\/espanol\/wp-json\/wp\/v2\/posts\/744","targetHints":{"allow":["GET"]}}],"collection":[{"href":"https:\/\/www.stemcell-host.com\/espanol\/wp-json\/wp\/v2\/posts"}],"about":[{"href":"https:\/\/www.stemcell-host.com\/espanol\/wp-json\/wp\/v2\/types\/post"}],"author":[{"embeddable":true,"href":"https:\/\/www.stemcell-host.com\/espanol\/wp-json\/wp\/v2\/users\/6"}],"replies":[{"embeddable":true,"href":"https:\/\/www.stemcell-host.com\/espanol\/wp-json\/wp\/v2\/comments?post=744"}],"version-history":[{"count":1,"href":"https:\/\/www.stemcell-host.com\/espanol\/wp-json\/wp\/v2\/posts\/744\/revisions"}],"predecessor-version":[{"id":746,"href":"https:\/\/www.stemcell-host.com\/espanol\/wp-json\/wp\/v2\/posts\/744\/revisions\/746"}],"wp:featuredmedia":[{"embeddable":true,"href":"https:\/\/www.stemcell-host.com\/espanol\/wp-json\/wp\/v2\/media\/745"}],"wp:attachment":[{"href":"https:\/\/www.stemcell-host.com\/espanol\/wp-json\/wp\/v2\/media?parent=744"}],"wp:term":[{"taxonomy":"category","embeddable":true,"href":"https:\/\/www.stemcell-host.com\/espanol\/wp-json\/wp\/v2\/categories?post=744"},{"taxonomy":"post_tag","embeddable":true,"href":"https:\/\/www.stemcell-host.com\/espanol\/wp-json\/wp\/v2\/tags?post=744"}],"curies":[{"name":"wp","href":"https:\/\/api.w.org\/{rel}","templated":true}]}}