{"id":525,"date":"2018-07-17T11:47:02","date_gmt":"2018-07-17T17:47:02","guid":{"rendered":"http:\/\/stemcell-host.com\/espanol\/?p=525"},"modified":"2018-07-17T11:47:02","modified_gmt":"2018-07-17T17:47:02","slug":"uso-de-la-terapia-con-celulas-madre-en-ninos-con-trastorno-del-espectro-autista","status":"publish","type":"post","link":"https:\/\/www.stemcell-host.com\/espanol\/blog-celulas-madre\/uso-de-la-terapia-con-celulas-madre-en-ninos-con-trastorno-del-espectro-autista\/","title":{"rendered":"Uso de la terapia con c\u00e9lulas madre en ni\u00f1os con trastorno del espectro autista"},"content":{"rendered":"\n\n<div class=\"kk-star-ratings kksr-auto kksr-align-left kksr-valign-top\"\n    data-payload=\"{&quot;align&quot;:&quot;left&quot;,&quot;id&quot;:&quot;525&quot;,&quot;slug&quot;:&quot;default&quot;,&quot;valign&quot;:&quot;top&quot;,&quot;reference&quot;:&quot;auto&quot;,&quot;class&quot;:&quot;&quot;,&quot;count&quot;:&quot;1&quot;,&quot;readonly&quot;:&quot;&quot;,&quot;score&quot;:&quot;5&quot;,&quot;best&quot;:&quot;5&quot;,&quot;gap&quot;:&quot;5&quot;,&quot;greet&quot;:&quot;Rate this post&quot;,&quot;legend&quot;:&quot;5\\\/5 - (1 vote)&quot;,&quot;size&quot;:&quot;24&quot;,&quot;width&quot;:&quot;142.5&quot;,&quot;_legend&quot;:&quot;{score}\\\/{best} - ({count} {votes})&quot;,&quot;font_factor&quot;:&quot;1.25&quot;}\">\n    \n<div class=\"kksr-stars\">\n    \n<div class=\"kksr-stars-inactive\">\n            <div class=\"kksr-star\" data-star=\"1\" style=\"padding-right: 5px\">\n            \n\n<div class=\"kksr-icon\" style=\"width: 24px; height: 24px;\"><\/div>\n        <\/div>\n            <div class=\"kksr-star\" data-star=\"2\" style=\"padding-right: 5px\">\n            \n\n<div class=\"kksr-icon\" style=\"width: 24px; height: 24px;\"><\/div>\n        <\/div>\n            <div class=\"kksr-star\" data-star=\"3\" style=\"padding-right: 5px\">\n            \n\n<div class=\"kksr-icon\" style=\"width: 24px; height: 24px;\"><\/div>\n        <\/div>\n            <div class=\"kksr-star\" data-star=\"4\" style=\"padding-right: 5px\">\n            \n\n<div class=\"kksr-icon\" style=\"width: 24px; height: 24px;\"><\/div>\n        <\/div>\n            <div class=\"kksr-star\" data-star=\"5\" style=\"padding-right: 5px\">\n            \n\n<div class=\"kksr-icon\" style=\"width: 24px; height: 24px;\"><\/div>\n        <\/div>\n    <\/div>\n    \n<div class=\"kksr-stars-active\" style=\"width: 142.5px;\">\n            <div class=\"kksr-star\" style=\"padding-right: 5px\">\n            \n\n<div class=\"kksr-icon\" style=\"width: 24px; height: 24px;\"><\/div>\n        <\/div>\n            <div class=\"kksr-star\" style=\"padding-right: 5px\">\n            \n\n<div class=\"kksr-icon\" style=\"width: 24px; height: 24px;\"><\/div>\n        <\/div>\n            <div class=\"kksr-star\" style=\"padding-right: 5px\">\n            \n\n<div class=\"kksr-icon\" style=\"width: 24px; height: 24px;\"><\/div>\n        <\/div>\n            <div class=\"kksr-star\" style=\"padding-right: 5px\">\n            \n\n<div class=\"kksr-icon\" style=\"width: 24px; height: 24px;\"><\/div>\n        <\/div>\n            <div class=\"kksr-star\" style=\"padding-right: 5px\">\n            \n\n<div class=\"kksr-icon\" style=\"width: 24px; height: 24px;\"><\/div>\n        <\/div>\n    <\/div>\n<\/div>\n    \n\n<div class=\"kksr-legend\" style=\"font-size: 19.2px;\">\n            5\/5 - (1 vote)    <\/div>\n<\/div>\n<p>Un protocolo de investigaci\u00f3n del Servicio de Hematolog\u00eda del Hospital Universitario en el que las c\u00e9lulas madre se tratan con ni\u00f1os con espectro autista podr\u00eda cambiar el curso de su trastorno.<\/p>\n<p>&#8220;La lucha de los padres y el paciente es genial, todos podemos poner nuestro granito de arena&#8221;, dice la hemat\u00f3loga Consuelo Mancias, en conmemoraci\u00f3n del D\u00eda Mundial de Concienciaci\u00f3n sobre el Autismo de la actualidad.<\/p>\n<p>El estudio, que comenz\u00f3 en 2011, se bas\u00f3 en la investigaci\u00f3n realizada all\u00ed mismo con ni\u00f1os con par\u00e1lisis cerebral, que en su primera fase obtuvo resultados alentadores ya que los ni\u00f1os mostraron mejoras motrices y cognitivas.<\/p>\n<p>Los investigadores extraen las c\u00e9lulas madre de la m\u00e9dula \u00f3sea del paciente, las tratan en el laboratorio y las inyectan en la m\u00e9dula espinal para llegar al cerebro.<\/p>\n<p>Nancy Mart\u00ednez, madre de Patricio Sotelo, identificado con un trastorno del espectro autista, se acerc\u00f3 al Servicio de Hematolog\u00eda para preguntar sobre el tratamiento.<\/p>\n<p>Su caso abri\u00f3 las puertas para comenzar este estudio en el que han participado siete ni\u00f1os de M\u00e9xico y otros pa\u00edses, entre 5 y 15 a\u00f1os. El protocolo se explica en el sitio clinicaltrials.gov de los institutos de salud estadounidenses.<\/p>\n<p>Pato, ahora de 11 a\u00f1os, recibi\u00f3 inyecciones de c\u00e9lulas madre dos veces, en 2011 y 2013.<\/p>\n<p>Despu\u00e9s del primer tratamiento, para decir solo una palabra, comenz\u00f3 a formar oraciones de hasta cuatro palabras que comenzaron a mostrar si estaba feliz o enojado y aumentaba su concentraci\u00f3n. Con el segundo, el ni\u00f1o socializa m\u00e1s, baila, recuerda nombres, hace mejores descripciones de lo que ten\u00eda o ad\u00f3nde fue y expresa sus deseos.<\/p>\n<p>Alejandro Sotelo, el padre de Pato, aclara que ellos saben que esto no es una cura y que hay comportamientos en el espectro del autismo que no han cambiado.<\/p>\n<p>&#8220;Los comportamientos repetitivos de ecolalia, de estr\u00e9s, contin\u00faan, pero la parte de concentraci\u00f3n, de comunicaci\u00f3n, ha mejorado&#8221;.<\/p>\n<p>Manc\u00edas explica que antes de comenzar el tratamiento, un mes despu\u00e9s de haberlo comenzado, y luego cada seis meses, eval\u00faa que ambos pacientes mejoran con escalas especializadas.<\/p>\n<p>&#8220;Creemos que parte de estas c\u00e9lulas madre realiza varias actividades: c\u00f3mo impulsar el cerebro para producir m\u00e1s neuronas que pueden ayudar al cerebro&#8221;, explica.<\/p>\n<p>&#8220;Producir c\u00e9lulas gliales, sin las cuales el cerebro no funciona adecuadamente, produce sustancias neurosecretoras, como dopamina, noradrenalina, serotonina, que faltan en pacientes con este tipo de enfermedad y sustancias llamadas citosinas&#8221;.<\/p>\n<p>TESTIMONIO<\/p>\n<p>&#8216;Ha sido el motor para ayudar&#8217; &#8211; Susana Valle<\/p>\n<p>Pepe, mi hijo, a punto de cumplir 27 a\u00f1os, es un testimonio esperanzador de la atenci\u00f3n que ha recibido desde que era un ni\u00f1o cuando nos dieron el diagn\u00f3stico no muy alentador del espectro del autismo.<\/p>\n<p>Hablamos con \u00e9l y \u00e9l no se dio la vuelta, se tap\u00f3 los o\u00eddos cuando escuch\u00f3 ruidos fuertes, hizo berrinches; No tuve contacto visual y tuve comportamientos repetitivos, como girar la rueda de la carriola al rev\u00e9s durante mucho tiempo.<\/p>\n<p>Todos estos a\u00f1os me dediqu\u00e9 a darle terapia de comunicaci\u00f3n y lenguaje. Me sentaba con \u00e9l para que al menos volteara a verme y, poco a poco, recibiera un minuto de atenci\u00f3n.<\/p>\n<p>Pepe ha estado en terapias de tratamiento y en escuelas en las que ha recorrido un largo camino. Ahora asiste al Centro Ocupacional Dones, donde trabaja en pintura, artesan\u00edas y talleres de cocina.<\/p>\n<p>\u00c9l ha sido el motor que me impulsa a ayudar a m\u00e1s y m\u00e1s familias; primero, ser fundador de Arena con otras mam\u00e1s; Miembro de la junta de autismo, A.B.P., y director de Dones.<\/p>\n<p>Aumento de casos<\/p>\n<p>&#8211; En 2008, 1 de cada 88 ni\u00f1os ten\u00eda un trastorno del espectro autista (TEA), mientras que en 2010 se estima que es 1 en 68 ni\u00f1os.<\/p>\n<p>&#8211; No est\u00e1 claro si el aumento se debe a una definici\u00f3n m\u00e1s amplia de ASD y los mejores esfuerzos en su diagn\u00f3stico. Sin embargo, no se descarta un verdadero aumento en el n\u00famero de personas con este trastorno.<\/p>\n<p>&#8211; Edna Rhodes, directora de Aprendde Instituto, cree que esta situaci\u00f3n es una crisis de salud p\u00fablica a la que se debe prestar m\u00e1s atenci\u00f3n en M\u00e9xico.<\/p>\n<p>Lea el art\u00edculo original en espa\u00f1ol de<br \/>\nhttps:\/\/www.elnorte.com\/aplicaciones\/articulo\/default.aspx?id=192294<\/p>\n","protected":false},"excerpt":{"rendered":"<p>5\/5 &#8211; (1 vote) Un protocolo de investigaci\u00f3n del Servicio de Hematolog\u00eda del Hospital Universitario en el que las c\u00e9lulas madre se tratan con ni\u00f1os con espectro autista podr\u00eda cambiar el curso de su trastorno. &#8220;La lucha de los padres y el paciente es genial, todos podemos poner nuestro granito de arena&#8221;, dice la hemat\u00f3loga Consuelo Mancias, en conmemoraci\u00f3n del D\u00eda Mundial de Concienciaci\u00f3n sobre el Autismo de la actualidad. El estudio, que comenz\u00f3 en 2011, se bas\u00f3 en la&#8230;<\/p>\n","protected":false},"author":2,"featured_media":526,"comment_status":"closed","ping_status":"closed","sticky":false,"template":"","format":"standard","meta":{"_joinchat":[],"footnotes":""},"categories":[1],"tags":[],"class_list":["post-525","post","type-post","status-publish","format-standard","has-post-thumbnail","hentry","category-blog-celulas-madre"],"yoast_head":"<!-- This site is optimized with the Yoast SEO plugin v22.7 - https:\/\/yoast.com\/wordpress\/plugins\/seo\/ -->\n<title>Protocolo de investigaci\u00f3n del Servicio de Hematolog\u00eda del Hospital Universitario en el que las c\u00e9lulas madre tratan ni\u00f1os con espectro autista brinda mejoras<\/title>\n<meta name=\"robots\" content=\"index, follow, max-snippet:-1, max-image-preview:large, max-video-preview:-1\" \/>\n<link rel=\"canonical\" href=\"https:\/\/www.stemcell-host.com\/espanol\/blog-celulas-madre\/uso-de-la-terapia-con-celulas-madre-en-ninos-con-trastorno-del-espectro-autista\/\" \/>\n<meta property=\"og:locale\" content=\"es_MX\" \/>\n<meta property=\"og:type\" content=\"article\" \/>\n<meta property=\"og:title\" content=\"Protocolo de investigaci\u00f3n del Servicio de Hematolog\u00eda del Hospital Universitario en el que las c\u00e9lulas madre tratan ni\u00f1os con espectro autista brinda mejoras\" \/>\n<meta property=\"og:description\" content=\"5\/5 - (1 vote) Un protocolo de investigaci\u00f3n del Servicio de Hematolog\u00eda del Hospital Universitario en el que las c\u00e9lulas madre se tratan con ni\u00f1os con espectro autista podr\u00eda cambiar el curso de su trastorno. &#8220;La lucha de los padres y el paciente es genial, todos podemos poner nuestro granito de arena&#8221;, dice la hemat\u00f3loga Consuelo Mancias, en conmemoraci\u00f3n del D\u00eda Mundial de Concienciaci\u00f3n sobre el Autismo de la actualidad. El estudio, que comenz\u00f3 en 2011, se bas\u00f3 en la...\" \/>\n<meta property=\"og:url\" content=\"https:\/\/www.stemcell-host.com\/espanol\/blog-celulas-madre\/uso-de-la-terapia-con-celulas-madre-en-ninos-con-trastorno-del-espectro-autista\/\" \/>\n<meta property=\"og:site_name\" content=\"Hematology Outpatient Services\" \/>\n<meta property=\"article:published_time\" content=\"2018-07-17T17:47:02+00:00\" \/>\n<meta property=\"og:image\" content=\"https:\/\/www.stemcell-host.com\/espanol\/wp-content\/uploads\/2018\/07\/Captura2.png\" \/>\n\t<meta property=\"og:image:width\" content=\"590\" \/>\n\t<meta property=\"og:image:height\" content=\"491\" \/>\n\t<meta property=\"og:image:type\" content=\"image\/png\" \/>\n<meta name=\"author\" content=\"Abad Enriquez\" \/>\n<meta name=\"twitter:card\" content=\"summary_large_image\" \/>\n<meta name=\"twitter:label1\" content=\"Escrito por\" \/>\n\t<meta name=\"twitter:data1\" content=\"Abad Enriquez\" \/>\n\t<meta name=\"twitter:label2\" content=\"Tiempo de lectura\" \/>\n\t<meta name=\"twitter:data2\" content=\"4 minutos\" \/>\n<script type=\"application\/ld+json\" class=\"yoast-schema-graph\">{\"@context\":\"https:\/\/schema.org\",\"@graph\":[{\"@type\":\"WebPage\",\"@id\":\"https:\/\/www.stemcell-host.com\/espanol\/blog-celulas-madre\/uso-de-la-terapia-con-celulas-madre-en-ninos-con-trastorno-del-espectro-autista\/\",\"url\":\"https:\/\/www.stemcell-host.com\/espanol\/blog-celulas-madre\/uso-de-la-terapia-con-celulas-madre-en-ninos-con-trastorno-del-espectro-autista\/\",\"name\":\"Protocolo de investigaci\u00f3n del Servicio de Hematolog\u00eda del Hospital Universitario en el que las c\u00e9lulas madre tratan ni\u00f1os con espectro autista brinda mejoras\",\"isPartOf\":{\"@id\":\"https:\/\/www.stemcell-host.com\/espanol\/#website\"},\"primaryImageOfPage\":{\"@id\":\"https:\/\/www.stemcell-host.com\/espanol\/blog-celulas-madre\/uso-de-la-terapia-con-celulas-madre-en-ninos-con-trastorno-del-espectro-autista\/#primaryimage\"},\"image\":{\"@id\":\"https:\/\/www.stemcell-host.com\/espanol\/blog-celulas-madre\/uso-de-la-terapia-con-celulas-madre-en-ninos-con-trastorno-del-espectro-autista\/#primaryimage\"},\"thumbnailUrl\":\"https:\/\/www.stemcell-host.com\/espanol\/wp-content\/uploads\/2018\/07\/Captura2.png\",\"datePublished\":\"2018-07-17T17:47:02+00:00\",\"dateModified\":\"2018-07-17T17:47:02+00:00\",\"author\":{\"@id\":\"https:\/\/www.stemcell-host.com\/espanol\/#\/schema\/person\/6ceb920d8256dad842475f3d32ba031e\"},\"breadcrumb\":{\"@id\":\"https:\/\/www.stemcell-host.com\/espanol\/blog-celulas-madre\/uso-de-la-terapia-con-celulas-madre-en-ninos-con-trastorno-del-espectro-autista\/#breadcrumb\"},\"inLanguage\":\"es\",\"potentialAction\":[{\"@type\":\"ReadAction\",\"target\":[\"https:\/\/www.stemcell-host.com\/espanol\/blog-celulas-madre\/uso-de-la-terapia-con-celulas-madre-en-ninos-con-trastorno-del-espectro-autista\/\"]}]},{\"@type\":\"ImageObject\",\"inLanguage\":\"es\",\"@id\":\"https:\/\/www.stemcell-host.com\/espanol\/blog-celulas-madre\/uso-de-la-terapia-con-celulas-madre-en-ninos-con-trastorno-del-espectro-autista\/#primaryimage\",\"url\":\"https:\/\/www.stemcell-host.com\/espanol\/wp-content\/uploads\/2018\/07\/Captura2.png\",\"contentUrl\":\"https:\/\/www.stemcell-host.com\/espanol\/wp-content\/uploads\/2018\/07\/Captura2.png\",\"width\":590,\"height\":491,\"caption\":\"Captura nota Terapia Celular en Ni\u00f1os Autistas\"},{\"@type\":\"BreadcrumbList\",\"@id\":\"https:\/\/www.stemcell-host.com\/espanol\/blog-celulas-madre\/uso-de-la-terapia-con-celulas-madre-en-ninos-con-trastorno-del-espectro-autista\/#breadcrumb\",\"itemListElement\":[{\"@type\":\"ListItem\",\"position\":1,\"name\":\"Inicio\",\"item\":\"https:\/\/www.stemcell-host.com\/espanol\/\"},{\"@type\":\"ListItem\",\"position\":2,\"name\":\"Uso de la terapia con c\u00e9lulas madre en ni\u00f1os con trastorno del espectro autista\"}]},{\"@type\":\"WebSite\",\"@id\":\"https:\/\/www.stemcell-host.com\/espanol\/#website\",\"url\":\"https:\/\/www.stemcell-host.com\/espanol\/\",\"name\":\"Hematology Outpatient Services\",\"description\":\"\",\"potentialAction\":[{\"@type\":\"SearchAction\",\"target\":{\"@type\":\"EntryPoint\",\"urlTemplate\":\"https:\/\/www.stemcell-host.com\/espanol\/?s={search_term_string}\"},\"query-input\":\"required name=search_term_string\"}],\"inLanguage\":\"es\"},{\"@type\":\"Person\",\"@id\":\"https:\/\/www.stemcell-host.com\/espanol\/#\/schema\/person\/6ceb920d8256dad842475f3d32ba031e\",\"name\":\"Abad Enriquez\",\"image\":{\"@type\":\"ImageObject\",\"inLanguage\":\"es\",\"@id\":\"https:\/\/www.stemcell-host.com\/espanol\/#\/schema\/person\/image\/\",\"url\":\"https:\/\/secure.gravatar.com\/avatar\/d48172b58b33bdfb6e3de8ffdfbfba115a73267c4e96b998a7604fc790479ab2?s=96&d=mm&r=g\",\"contentUrl\":\"https:\/\/secure.gravatar.com\/avatar\/d48172b58b33bdfb6e3de8ffdfbfba115a73267c4e96b998a7604fc790479ab2?s=96&d=mm&r=g\",\"caption\":\"Abad Enriquez\"}}]}<\/script>\n<!-- \/ Yoast SEO plugin. -->","yoast_head_json":{"title":"Protocolo de investigaci\u00f3n del Servicio de Hematolog\u00eda del Hospital Universitario en el que las c\u00e9lulas madre tratan ni\u00f1os con espectro autista brinda mejoras","robots":{"index":"index","follow":"follow","max-snippet":"max-snippet:-1","max-image-preview":"max-image-preview:large","max-video-preview":"max-video-preview:-1"},"canonical":"https:\/\/www.stemcell-host.com\/espanol\/blog-celulas-madre\/uso-de-la-terapia-con-celulas-madre-en-ninos-con-trastorno-del-espectro-autista\/","og_locale":"es_MX","og_type":"article","og_title":"Protocolo de investigaci\u00f3n del Servicio de Hematolog\u00eda del Hospital Universitario en el que las c\u00e9lulas madre tratan ni\u00f1os con espectro autista brinda mejoras","og_description":"5\/5 - (1 vote) Un protocolo de investigaci\u00f3n del Servicio de Hematolog\u00eda del Hospital Universitario en el que las c\u00e9lulas madre se tratan con ni\u00f1os con espectro autista podr\u00eda cambiar el curso de su trastorno. &#8220;La lucha de los padres y el paciente es genial, todos podemos poner nuestro granito de arena&#8221;, dice la hemat\u00f3loga Consuelo Mancias, en conmemoraci\u00f3n del D\u00eda Mundial de Concienciaci\u00f3n sobre el Autismo de la actualidad. El estudio, que comenz\u00f3 en 2011, se bas\u00f3 en la...","og_url":"https:\/\/www.stemcell-host.com\/espanol\/blog-celulas-madre\/uso-de-la-terapia-con-celulas-madre-en-ninos-con-trastorno-del-espectro-autista\/","og_site_name":"Hematology Outpatient Services","article_published_time":"2018-07-17T17:47:02+00:00","og_image":[{"width":590,"height":491,"url":"https:\/\/www.stemcell-host.com\/espanol\/wp-content\/uploads\/2018\/07\/Captura2.png","type":"image\/png"}],"author":"Abad Enriquez","twitter_card":"summary_large_image","twitter_misc":{"Escrito por":"Abad Enriquez","Tiempo de lectura":"4 minutos"},"schema":{"@context":"https:\/\/schema.org","@graph":[{"@type":"WebPage","@id":"https:\/\/www.stemcell-host.com\/espanol\/blog-celulas-madre\/uso-de-la-terapia-con-celulas-madre-en-ninos-con-trastorno-del-espectro-autista\/","url":"https:\/\/www.stemcell-host.com\/espanol\/blog-celulas-madre\/uso-de-la-terapia-con-celulas-madre-en-ninos-con-trastorno-del-espectro-autista\/","name":"Protocolo de investigaci\u00f3n del Servicio de Hematolog\u00eda del Hospital Universitario en el que las c\u00e9lulas madre tratan ni\u00f1os con espectro autista brinda mejoras","isPartOf":{"@id":"https:\/\/www.stemcell-host.com\/espanol\/#website"},"primaryImageOfPage":{"@id":"https:\/\/www.stemcell-host.com\/espanol\/blog-celulas-madre\/uso-de-la-terapia-con-celulas-madre-en-ninos-con-trastorno-del-espectro-autista\/#primaryimage"},"image":{"@id":"https:\/\/www.stemcell-host.com\/espanol\/blog-celulas-madre\/uso-de-la-terapia-con-celulas-madre-en-ninos-con-trastorno-del-espectro-autista\/#primaryimage"},"thumbnailUrl":"https:\/\/www.stemcell-host.com\/espanol\/wp-content\/uploads\/2018\/07\/Captura2.png","datePublished":"2018-07-17T17:47:02+00:00","dateModified":"2018-07-17T17:47:02+00:00","author":{"@id":"https:\/\/www.stemcell-host.com\/espanol\/#\/schema\/person\/6ceb920d8256dad842475f3d32ba031e"},"breadcrumb":{"@id":"https:\/\/www.stemcell-host.com\/espanol\/blog-celulas-madre\/uso-de-la-terapia-con-celulas-madre-en-ninos-con-trastorno-del-espectro-autista\/#breadcrumb"},"inLanguage":"es","potentialAction":[{"@type":"ReadAction","target":["https:\/\/www.stemcell-host.com\/espanol\/blog-celulas-madre\/uso-de-la-terapia-con-celulas-madre-en-ninos-con-trastorno-del-espectro-autista\/"]}]},{"@type":"ImageObject","inLanguage":"es","@id":"https:\/\/www.stemcell-host.com\/espanol\/blog-celulas-madre\/uso-de-la-terapia-con-celulas-madre-en-ninos-con-trastorno-del-espectro-autista\/#primaryimage","url":"https:\/\/www.stemcell-host.com\/espanol\/wp-content\/uploads\/2018\/07\/Captura2.png","contentUrl":"https:\/\/www.stemcell-host.com\/espanol\/wp-content\/uploads\/2018\/07\/Captura2.png","width":590,"height":491,"caption":"Captura nota Terapia Celular en Ni\u00f1os Autistas"},{"@type":"BreadcrumbList","@id":"https:\/\/www.stemcell-host.com\/espanol\/blog-celulas-madre\/uso-de-la-terapia-con-celulas-madre-en-ninos-con-trastorno-del-espectro-autista\/#breadcrumb","itemListElement":[{"@type":"ListItem","position":1,"name":"Inicio","item":"https:\/\/www.stemcell-host.com\/espanol\/"},{"@type":"ListItem","position":2,"name":"Uso de la terapia con c\u00e9lulas madre en ni\u00f1os con trastorno del espectro autista"}]},{"@type":"WebSite","@id":"https:\/\/www.stemcell-host.com\/espanol\/#website","url":"https:\/\/www.stemcell-host.com\/espanol\/","name":"Hematology Outpatient Services","description":"","potentialAction":[{"@type":"SearchAction","target":{"@type":"EntryPoint","urlTemplate":"https:\/\/www.stemcell-host.com\/espanol\/?s={search_term_string}"},"query-input":"required name=search_term_string"}],"inLanguage":"es"},{"@type":"Person","@id":"https:\/\/www.stemcell-host.com\/espanol\/#\/schema\/person\/6ceb920d8256dad842475f3d32ba031e","name":"Abad Enriquez","image":{"@type":"ImageObject","inLanguage":"es","@id":"https:\/\/www.stemcell-host.com\/espanol\/#\/schema\/person\/image\/","url":"https:\/\/secure.gravatar.com\/avatar\/d48172b58b33bdfb6e3de8ffdfbfba115a73267c4e96b998a7604fc790479ab2?s=96&d=mm&r=g","contentUrl":"https:\/\/secure.gravatar.com\/avatar\/d48172b58b33bdfb6e3de8ffdfbfba115a73267c4e96b998a7604fc790479ab2?s=96&d=mm&r=g","caption":"Abad Enriquez"}}]}},"_links":{"self":[{"href":"https:\/\/www.stemcell-host.com\/espanol\/wp-json\/wp\/v2\/posts\/525","targetHints":{"allow":["GET"]}}],"collection":[{"href":"https:\/\/www.stemcell-host.com\/espanol\/wp-json\/wp\/v2\/posts"}],"about":[{"href":"https:\/\/www.stemcell-host.com\/espanol\/wp-json\/wp\/v2\/types\/post"}],"author":[{"embeddable":true,"href":"https:\/\/www.stemcell-host.com\/espanol\/wp-json\/wp\/v2\/users\/2"}],"replies":[{"embeddable":true,"href":"https:\/\/www.stemcell-host.com\/espanol\/wp-json\/wp\/v2\/comments?post=525"}],"version-history":[{"count":1,"href":"https:\/\/www.stemcell-host.com\/espanol\/wp-json\/wp\/v2\/posts\/525\/revisions"}],"predecessor-version":[{"id":527,"href":"https:\/\/www.stemcell-host.com\/espanol\/wp-json\/wp\/v2\/posts\/525\/revisions\/527"}],"wp:featuredmedia":[{"embeddable":true,"href":"https:\/\/www.stemcell-host.com\/espanol\/wp-json\/wp\/v2\/media\/526"}],"wp:attachment":[{"href":"https:\/\/www.stemcell-host.com\/espanol\/wp-json\/wp\/v2\/media?parent=525"}],"wp:term":[{"taxonomy":"category","embeddable":true,"href":"https:\/\/www.stemcell-host.com\/espanol\/wp-json\/wp\/v2\/categories?post=525"},{"taxonomy":"post_tag","embeddable":true,"href":"https:\/\/www.stemcell-host.com\/espanol\/wp-json\/wp\/v2\/tags?post=525"}],"curies":[{"name":"wp","href":"https:\/\/api.w.org\/{rel}","templated":true}]}}