{"id":521,"date":"2018-07-17T11:45:15","date_gmt":"2018-07-17T17:45:15","guid":{"rendered":"http:\/\/stemcell-host.com\/espanol\/?p=521"},"modified":"2018-07-17T11:45:15","modified_gmt":"2018-07-17T17:45:15","slug":"un-bebe-tejano-con-paralisis-cerebral-recibe-esperanza-en-el-hospital-universitario","status":"publish","type":"post","link":"https:\/\/www.stemcell-host.com\/espanol\/blog-celulas-madre\/un-bebe-tejano-con-paralisis-cerebral-recibe-esperanza-en-el-hospital-universitario\/","title":{"rendered":"Un beb\u00e9 tejano con par\u00e1lisis cerebral recibe esperanza en el Hospital Universitario"},"content":{"rendered":"\n\n<div class=\"kk-star-ratings kksr-auto kksr-align-left kksr-valign-top\"\n    data-payload=\"{&quot;align&quot;:&quot;left&quot;,&quot;id&quot;:&quot;521&quot;,&quot;slug&quot;:&quot;default&quot;,&quot;valign&quot;:&quot;top&quot;,&quot;reference&quot;:&quot;auto&quot;,&quot;class&quot;:&quot;&quot;,&quot;count&quot;:&quot;0&quot;,&quot;readonly&quot;:&quot;&quot;,&quot;score&quot;:&quot;0&quot;,&quot;best&quot;:&quot;5&quot;,&quot;gap&quot;:&quot;5&quot;,&quot;greet&quot;:&quot;Rate this post&quot;,&quot;legend&quot;:&quot;0\\\/5 - (0 votes)&quot;,&quot;size&quot;:&quot;24&quot;,&quot;width&quot;:&quot;0&quot;,&quot;_legend&quot;:&quot;{score}\\\/{best} - ({count} {votes})&quot;,&quot;font_factor&quot;:&quot;1.25&quot;}\">\n    \n<div class=\"kksr-stars\">\n    \n<div class=\"kksr-stars-inactive\">\n            <div class=\"kksr-star\" data-star=\"1\" style=\"padding-right: 5px\">\n            \n\n<div class=\"kksr-icon\" style=\"width: 24px; height: 24px;\"><\/div>\n        <\/div>\n            <div class=\"kksr-star\" data-star=\"2\" style=\"padding-right: 5px\">\n            \n\n<div class=\"kksr-icon\" style=\"width: 24px; height: 24px;\"><\/div>\n        <\/div>\n            <div class=\"kksr-star\" data-star=\"3\" style=\"padding-right: 5px\">\n            \n\n<div class=\"kksr-icon\" style=\"width: 24px; height: 24px;\"><\/div>\n        <\/div>\n            <div class=\"kksr-star\" data-star=\"4\" style=\"padding-right: 5px\">\n            \n\n<div class=\"kksr-icon\" style=\"width: 24px; height: 24px;\"><\/div>\n        <\/div>\n            <div class=\"kksr-star\" data-star=\"5\" style=\"padding-right: 5px\">\n            \n\n<div class=\"kksr-icon\" style=\"width: 24px; height: 24px;\"><\/div>\n        <\/div>\n    <\/div>\n    \n<div class=\"kksr-stars-active\" style=\"width: 0px;\">\n            <div class=\"kksr-star\" style=\"padding-right: 5px\">\n            \n\n<div class=\"kksr-icon\" style=\"width: 24px; height: 24px;\"><\/div>\n        <\/div>\n            <div class=\"kksr-star\" style=\"padding-right: 5px\">\n            \n\n<div class=\"kksr-icon\" style=\"width: 24px; height: 24px;\"><\/div>\n        <\/div>\n            <div class=\"kksr-star\" style=\"padding-right: 5px\">\n            \n\n<div class=\"kksr-icon\" style=\"width: 24px; height: 24px;\"><\/div>\n        <\/div>\n            <div class=\"kksr-star\" style=\"padding-right: 5px\">\n            \n\n<div class=\"kksr-icon\" style=\"width: 24px; height: 24px;\"><\/div>\n        <\/div>\n            <div class=\"kksr-star\" style=\"padding-right: 5px\">\n            \n\n<div class=\"kksr-icon\" style=\"width: 24px; height: 24px;\"><\/div>\n        <\/div>\n    <\/div>\n<\/div>\n    \n\n<div class=\"kksr-legend\" style=\"font-size: 19.2px;\">\n            <span class=\"kksr-muted\">Rate this post<\/span>\n    <\/div>\n<\/div>\n<p>Nancy y Victor hab\u00edan tomado la decisi\u00f3n m\u00e1s dolorosa de sus vidas. Ya no quer\u00edan que su beb\u00e9 de tres meses sufriera, por lo que no aceptaron que pas\u00f3 por otro proceso quir\u00fargico.<\/p>\n<p>Ambos se convirtieron en mam\u00e1 y pap\u00e1 el 13 de marzo cuando sus gemelos V\u00edctor Daniel y Celeste Carolina nacieron en un hospital en Brownsville, pero debido a un prolapso (compresi\u00f3n) del cord\u00f3n umbilical, el ni\u00f1o tuvo complicaciones.<\/p>\n<p>El beb\u00e9 carec\u00eda de ox\u00edgeno y estaba convulsionado. Fue llevado en helic\u00f3ptero de emergencia a otro hospital en Corpus Christi para realizar un protocolo de hipotermia terap\u00e9utica, tratamiento con el que trataron de regularizarlo. No funcion\u00f3.<\/p>\n<p>Desde ese momento, solo siguieron pron\u00f3sticos m\u00e9dicos devastadores. El beb\u00e9 fue determinado como enfermo terminal y los m\u00e9dicos recomendaron a los padres que se despidieran del ni\u00f1o y luego lo autorizaran a desconectarlo del ventilador.<\/p>\n<p>Buscaron en otros hospitales en los Estados Unidos y despu\u00e9s de leer el expediente del ni\u00f1o, los m\u00e9dicos dijeron lo mismo: no hab\u00eda esperanza de vida para Victorcito.<\/p>\n<p>Un d\u00eda, un m\u00e9dico les inform\u00f3 que era urgente poner otro ventilador en el beb\u00e9, lo que da\u00f1ar\u00eda el es\u00f3fago, y fue cuando junto con el m\u00e9dico decidieron no enviarlo a otra operaci\u00f3n y llevarlo a casa para tenerlo en los \u00faltimos d\u00edas.<\/p>\n<p>&#8220;Fue un momento muy dif\u00edcil, ya lo hab\u00edamos decidido, hab\u00edamos establecido el horario y todo&#8221;, dice Nancy Reyes Ramones, de 27 a\u00f1os.<\/p>\n<p>&#8220;Mientras tanto, el m\u00e9dico regres\u00f3 muy arrepentido y dijo &#8216;ya sabes qu\u00e9, acabo de leer el archivo y es de otro ni\u00f1o, no es de tu hijo, me equivoqu\u00e9, fue un error, solo revis\u00e9 el expediente de tu hijo y \u00e9l dice que est\u00e1 respirando bien, no hay urgencia de ponerle ese respirador en este momento &#8220;.<\/p>\n<p>&#8220;Para m\u00ed, fue como una se\u00f1al de Dios, lejos de enojarme con el m\u00e9dico porque te hizo sufrir mucho, dije &#8216;doctor, no te apresures, para m\u00ed fue un milagro y Dios cambi\u00f3 el ni\u00f1o&#8217; grabar&#8217;.&#8221;<\/p>\n<p>Desde ese momento decidieron que se agotar\u00edan hasta la \u00faltima opci\u00f3n para salvar la vida de su hijo.<\/p>\n<p>Con gran fe<\/p>\n<p>Nancy es de Monterrey, pero luego de completar su licenciatura en derecho en la UANL en 2010 se cas\u00f3 con V\u00edctor Villarreal, estadounidense, y se fue a vivir a Brownsville, donde trabaja como profesor.<\/p>\n<p>El padre, de 38 a\u00f1os, mantuvo una fe inquebrantable desde el nacimiento de sus hijos y fue el primero en no aceptar opiniones m\u00e9dicas.<\/p>\n<p>El beb\u00e9 fue diagnosticado con par\u00e1lisis cerebral. Debe usar dos dispositivos, uno para respirar y otro para absorber constantemente saliva, ya que no puede tragarlo.<\/p>\n<p>Adem\u00e1s, una sonda est\u00e1 conectada al abdomen donde lo alimentan. La estatura y el peso menor de Victorcito es evidente en comparaci\u00f3n con su gemelo, Celeste.<\/p>\n<p>Despu\u00e9s de investigar las opciones para ayudar a su hijo, descubri\u00f3 que en el Hospital Universitario llevan a cabo investigaciones con c\u00e9lulas madre para ayudar a los pacientes con par\u00e1lisis cerebral.<\/p>\n<p>Al hablar del caso por tel\u00e9fono, se les inform\u00f3 que el beb\u00e9 era un candidato. Viajaron a Monterrey el 10 de junio en su propio autom\u00f3vil con todos los dispositivos que el beb\u00e9 necesita.<\/p>\n<p>&#8220;Fue muy dif\u00edcil tomar la decisi\u00f3n de venir porque la m\u00e1quina todav\u00eda podr\u00eda fallar en el camino, pero era quedarse all\u00ed esperando que nos dieran el mismo pron\u00f3stico, o venir a hacer la terapia que est\u00e1 bajo investigaci\u00f3n, pero al menos es una oportunidad para el beb\u00e9 &#8220;, dice V\u00edctor.<\/p>\n<p>Victorcito ya tuvo su primer tratamiento, que de acuerdo con la explicaci\u00f3n de sus padres, es aumentar la cantidad de c\u00e9lulas madre producidas por su cuerpo.<\/p>\n<p>Realizan una punci\u00f3n en ambas piernas para eliminar algunas c\u00e9lulas y luego inyectarlas en la columna vertebral.<\/p>\n<p>(Despu\u00e9s del tratamiento) respira mucho m\u00e1s tiempo sin ox\u00edgeno mientras que antes ten\u00eda que tener ox\u00edgeno constantemente, y ahora lo quitamos por un tiempo &#8220;, dice V\u00edctor.<\/p>\n<p>&#8220;Comienza a manipular las secreciones un poco, y tose, que es una forma de defenderse, porque antes de ir al pulm\u00f3n&#8221;.<\/p>\n<p>&#8220;Es un milagro porque nos contaron tantas cosas negativas, tantas cosas malas, y es un milagro que haya despertado&#8221;, dice su padre.<\/p>\n<p>Est\u00e1n viviendo con la familia de Nancy, en Colonia Cuauht\u00e9moc, en San Nicol\u00e1s, donde sus hermanos, Ricardo, de 29 a\u00f1os, y Daniela, de 33, se han movilizado para recaudar recursos financieros para su sobrino.<\/p>\n<p>Si la expectativa de vida de Victorcito es en Monterrey, afirman que continuar\u00e1n aqu\u00ed.<\/p>\n<p>Tambi\u00e9n abrieron la p\u00e1gina de Facebook &#8220;Ayuda para V\u00edctor Villarreal Reyes&#8221;, donde reciben donaciones y oraciones.<\/p>\n<p>&#8220;Mi esposo les dijo a los doctores: &#8216;Mi beb\u00e9 va a estar bien, y yo voy a ofrecerme aqu\u00ed para ayudar a los ni\u00f1os&#8217;. \u00c9l es de fe inquebrantable &#8220;, expresa Nancy.<\/p>\n<p>Lea el art\u00edculo original en espa\u00f1ol de<br \/>\nhttps:\/\/www.elnorte.com\/aplicaciones\/articulo\/default.aspx?id=582151&#038;v=1<\/p>\n","protected":false},"excerpt":{"rendered":"<p>Rate this post Nancy y Victor hab\u00edan tomado la decisi\u00f3n m\u00e1s dolorosa de sus vidas. Ya no quer\u00edan que su beb\u00e9 de tres meses sufriera, por lo que no aceptaron que pas\u00f3 por otro proceso quir\u00fargico. Ambos se convirtieron en mam\u00e1 y pap\u00e1 el 13 de marzo cuando sus gemelos V\u00edctor Daniel y Celeste Carolina nacieron en un hospital en Brownsville, pero debido a un prolapso (compresi\u00f3n) del cord\u00f3n umbilical, el ni\u00f1o tuvo complicaciones. El beb\u00e9 carec\u00eda de ox\u00edgeno y&#8230;<\/p>\n","protected":false},"author":2,"featured_media":523,"comment_status":"closed","ping_status":"closed","sticky":false,"template":"","format":"standard","meta":{"_joinchat":[],"footnotes":""},"categories":[1],"tags":[],"class_list":["post-521","post","type-post","status-publish","format-standard","has-post-thumbnail","hentry","category-blog-celulas-madre"],"yoast_head":"<!-- This site is optimized with the Yoast SEO plugin v22.7 - https:\/\/yoast.com\/wordpress\/plugins\/seo\/ -->\n<title>Conoce la historia del peque\u00f1o Victor, un beb\u00e9 de Texas, USA que tuvo un diagn\u00f3stico devastador que encontr\u00f3 esperanza gracias al tratamiento de c\u00e9lulas madre<\/title>\n<meta name=\"robots\" content=\"index, follow, max-snippet:-1, max-image-preview:large, max-video-preview:-1\" \/>\n<link rel=\"canonical\" href=\"https:\/\/www.stemcell-host.com\/espanol\/blog-celulas-madre\/un-bebe-tejano-con-paralisis-cerebral-recibe-esperanza-en-el-hospital-universitario\/\" \/>\n<meta property=\"og:locale\" content=\"es_MX\" \/>\n<meta property=\"og:type\" content=\"article\" \/>\n<meta property=\"og:title\" content=\"Conoce la historia del peque\u00f1o Victor, un beb\u00e9 de Texas, USA que tuvo un diagn\u00f3stico devastador que encontr\u00f3 esperanza gracias al tratamiento de c\u00e9lulas madre\" \/>\n<meta property=\"og:description\" content=\"Rate this post Nancy y Victor hab\u00edan tomado la decisi\u00f3n m\u00e1s dolorosa de sus vidas. Ya no quer\u00edan que su beb\u00e9 de tres meses sufriera, por lo que no aceptaron que pas\u00f3 por otro proceso quir\u00fargico. Ambos se convirtieron en mam\u00e1 y pap\u00e1 el 13 de marzo cuando sus gemelos V\u00edctor Daniel y Celeste Carolina nacieron en un hospital en Brownsville, pero debido a un prolapso (compresi\u00f3n) del cord\u00f3n umbilical, el ni\u00f1o tuvo complicaciones. El beb\u00e9 carec\u00eda de ox\u00edgeno y...\" \/>\n<meta property=\"og:url\" content=\"https:\/\/www.stemcell-host.com\/espanol\/blog-celulas-madre\/un-bebe-tejano-con-paralisis-cerebral-recibe-esperanza-en-el-hospital-universitario\/\" \/>\n<meta property=\"og:site_name\" content=\"Hematology Outpatient Services\" \/>\n<meta property=\"article:published_time\" content=\"2018-07-17T17:45:15+00:00\" \/>\n<meta property=\"og:image\" content=\"https:\/\/www.stemcell-host.com\/espanol\/wp-content\/uploads\/2018\/07\/3225729.jpg\" \/>\n\t<meta property=\"og:image:width\" content=\"353\" \/>\n\t<meta property=\"og:image:height\" content=\"530\" \/>\n\t<meta property=\"og:image:type\" content=\"image\/jpeg\" \/>\n<meta name=\"author\" content=\"Abad Enriquez\" \/>\n<meta name=\"twitter:card\" content=\"summary_large_image\" \/>\n<meta name=\"twitter:label1\" content=\"Escrito por\" \/>\n\t<meta name=\"twitter:data1\" content=\"Abad Enriquez\" \/>\n\t<meta name=\"twitter:label2\" content=\"Tiempo de lectura\" \/>\n\t<meta name=\"twitter:data2\" content=\"4 minutos\" \/>\n<script type=\"application\/ld+json\" class=\"yoast-schema-graph\">{\"@context\":\"https:\/\/schema.org\",\"@graph\":[{\"@type\":\"WebPage\",\"@id\":\"https:\/\/www.stemcell-host.com\/espanol\/blog-celulas-madre\/un-bebe-tejano-con-paralisis-cerebral-recibe-esperanza-en-el-hospital-universitario\/\",\"url\":\"https:\/\/www.stemcell-host.com\/espanol\/blog-celulas-madre\/un-bebe-tejano-con-paralisis-cerebral-recibe-esperanza-en-el-hospital-universitario\/\",\"name\":\"Conoce la historia del peque\u00f1o Victor, un beb\u00e9 de Texas, USA que tuvo un diagn\u00f3stico devastador que encontr\u00f3 esperanza gracias al tratamiento de c\u00e9lulas madre\",\"isPartOf\":{\"@id\":\"https:\/\/www.stemcell-host.com\/espanol\/#website\"},\"primaryImageOfPage\":{\"@id\":\"https:\/\/www.stemcell-host.com\/espanol\/blog-celulas-madre\/un-bebe-tejano-con-paralisis-cerebral-recibe-esperanza-en-el-hospital-universitario\/#primaryimage\"},\"image\":{\"@id\":\"https:\/\/www.stemcell-host.com\/espanol\/blog-celulas-madre\/un-bebe-tejano-con-paralisis-cerebral-recibe-esperanza-en-el-hospital-universitario\/#primaryimage\"},\"thumbnailUrl\":\"https:\/\/www.stemcell-host.com\/espanol\/wp-content\/uploads\/2018\/07\/3225729.jpg\",\"datePublished\":\"2018-07-17T17:45:15+00:00\",\"dateModified\":\"2018-07-17T17:45:15+00:00\",\"author\":{\"@id\":\"https:\/\/www.stemcell-host.com\/espanol\/#\/schema\/person\/6ceb920d8256dad842475f3d32ba031e\"},\"breadcrumb\":{\"@id\":\"https:\/\/www.stemcell-host.com\/espanol\/blog-celulas-madre\/un-bebe-tejano-con-paralisis-cerebral-recibe-esperanza-en-el-hospital-universitario\/#breadcrumb\"},\"inLanguage\":\"es\",\"potentialAction\":[{\"@type\":\"ReadAction\",\"target\":[\"https:\/\/www.stemcell-host.com\/espanol\/blog-celulas-madre\/un-bebe-tejano-con-paralisis-cerebral-recibe-esperanza-en-el-hospital-universitario\/\"]}]},{\"@type\":\"ImageObject\",\"inLanguage\":\"es\",\"@id\":\"https:\/\/www.stemcell-host.com\/espanol\/blog-celulas-madre\/un-bebe-tejano-con-paralisis-cerebral-recibe-esperanza-en-el-hospital-universitario\/#primaryimage\",\"url\":\"https:\/\/www.stemcell-host.com\/espanol\/wp-content\/uploads\/2018\/07\/3225729.jpg\",\"contentUrl\":\"https:\/\/www.stemcell-host.com\/espanol\/wp-content\/uploads\/2018\/07\/3225729.jpg\",\"width\":353,\"height\":530,\"caption\":\"Captura peri\u00f3dico beb\u00e9 texano\"},{\"@type\":\"BreadcrumbList\",\"@id\":\"https:\/\/www.stemcell-host.com\/espanol\/blog-celulas-madre\/un-bebe-tejano-con-paralisis-cerebral-recibe-esperanza-en-el-hospital-universitario\/#breadcrumb\",\"itemListElement\":[{\"@type\":\"ListItem\",\"position\":1,\"name\":\"Inicio\",\"item\":\"https:\/\/www.stemcell-host.com\/espanol\/\"},{\"@type\":\"ListItem\",\"position\":2,\"name\":\"Un beb\u00e9 tejano con par\u00e1lisis cerebral recibe esperanza en el Hospital Universitario\"}]},{\"@type\":\"WebSite\",\"@id\":\"https:\/\/www.stemcell-host.com\/espanol\/#website\",\"url\":\"https:\/\/www.stemcell-host.com\/espanol\/\",\"name\":\"Hematology Outpatient Services\",\"description\":\"\",\"potentialAction\":[{\"@type\":\"SearchAction\",\"target\":{\"@type\":\"EntryPoint\",\"urlTemplate\":\"https:\/\/www.stemcell-host.com\/espanol\/?s={search_term_string}\"},\"query-input\":\"required name=search_term_string\"}],\"inLanguage\":\"es\"},{\"@type\":\"Person\",\"@id\":\"https:\/\/www.stemcell-host.com\/espanol\/#\/schema\/person\/6ceb920d8256dad842475f3d32ba031e\",\"name\":\"Abad Enriquez\",\"image\":{\"@type\":\"ImageObject\",\"inLanguage\":\"es\",\"@id\":\"https:\/\/www.stemcell-host.com\/espanol\/#\/schema\/person\/image\/\",\"url\":\"https:\/\/secure.gravatar.com\/avatar\/d48172b58b33bdfb6e3de8ffdfbfba115a73267c4e96b998a7604fc790479ab2?s=96&d=mm&r=g\",\"contentUrl\":\"https:\/\/secure.gravatar.com\/avatar\/d48172b58b33bdfb6e3de8ffdfbfba115a73267c4e96b998a7604fc790479ab2?s=96&d=mm&r=g\",\"caption\":\"Abad Enriquez\"}}]}<\/script>\n<!-- \/ Yoast SEO plugin. -->","yoast_head_json":{"title":"Conoce la historia del peque\u00f1o Victor, un beb\u00e9 de Texas, USA que tuvo un diagn\u00f3stico devastador que encontr\u00f3 esperanza gracias al tratamiento de c\u00e9lulas madre","robots":{"index":"index","follow":"follow","max-snippet":"max-snippet:-1","max-image-preview":"max-image-preview:large","max-video-preview":"max-video-preview:-1"},"canonical":"https:\/\/www.stemcell-host.com\/espanol\/blog-celulas-madre\/un-bebe-tejano-con-paralisis-cerebral-recibe-esperanza-en-el-hospital-universitario\/","og_locale":"es_MX","og_type":"article","og_title":"Conoce la historia del peque\u00f1o Victor, un beb\u00e9 de Texas, USA que tuvo un diagn\u00f3stico devastador que encontr\u00f3 esperanza gracias al tratamiento de c\u00e9lulas madre","og_description":"Rate this post Nancy y Victor hab\u00edan tomado la decisi\u00f3n m\u00e1s dolorosa de sus vidas. Ya no quer\u00edan que su beb\u00e9 de tres meses sufriera, por lo que no aceptaron que pas\u00f3 por otro proceso quir\u00fargico. Ambos se convirtieron en mam\u00e1 y pap\u00e1 el 13 de marzo cuando sus gemelos V\u00edctor Daniel y Celeste Carolina nacieron en un hospital en Brownsville, pero debido a un prolapso (compresi\u00f3n) del cord\u00f3n umbilical, el ni\u00f1o tuvo complicaciones. El beb\u00e9 carec\u00eda de ox\u00edgeno y...","og_url":"https:\/\/www.stemcell-host.com\/espanol\/blog-celulas-madre\/un-bebe-tejano-con-paralisis-cerebral-recibe-esperanza-en-el-hospital-universitario\/","og_site_name":"Hematology Outpatient Services","article_published_time":"2018-07-17T17:45:15+00:00","og_image":[{"width":353,"height":530,"url":"https:\/\/www.stemcell-host.com\/espanol\/wp-content\/uploads\/2018\/07\/3225729.jpg","type":"image\/jpeg"}],"author":"Abad Enriquez","twitter_card":"summary_large_image","twitter_misc":{"Escrito por":"Abad Enriquez","Tiempo de lectura":"4 minutos"},"schema":{"@context":"https:\/\/schema.org","@graph":[{"@type":"WebPage","@id":"https:\/\/www.stemcell-host.com\/espanol\/blog-celulas-madre\/un-bebe-tejano-con-paralisis-cerebral-recibe-esperanza-en-el-hospital-universitario\/","url":"https:\/\/www.stemcell-host.com\/espanol\/blog-celulas-madre\/un-bebe-tejano-con-paralisis-cerebral-recibe-esperanza-en-el-hospital-universitario\/","name":"Conoce la historia del peque\u00f1o Victor, un beb\u00e9 de Texas, USA que tuvo un diagn\u00f3stico devastador que encontr\u00f3 esperanza gracias al tratamiento de c\u00e9lulas madre","isPartOf":{"@id":"https:\/\/www.stemcell-host.com\/espanol\/#website"},"primaryImageOfPage":{"@id":"https:\/\/www.stemcell-host.com\/espanol\/blog-celulas-madre\/un-bebe-tejano-con-paralisis-cerebral-recibe-esperanza-en-el-hospital-universitario\/#primaryimage"},"image":{"@id":"https:\/\/www.stemcell-host.com\/espanol\/blog-celulas-madre\/un-bebe-tejano-con-paralisis-cerebral-recibe-esperanza-en-el-hospital-universitario\/#primaryimage"},"thumbnailUrl":"https:\/\/www.stemcell-host.com\/espanol\/wp-content\/uploads\/2018\/07\/3225729.jpg","datePublished":"2018-07-17T17:45:15+00:00","dateModified":"2018-07-17T17:45:15+00:00","author":{"@id":"https:\/\/www.stemcell-host.com\/espanol\/#\/schema\/person\/6ceb920d8256dad842475f3d32ba031e"},"breadcrumb":{"@id":"https:\/\/www.stemcell-host.com\/espanol\/blog-celulas-madre\/un-bebe-tejano-con-paralisis-cerebral-recibe-esperanza-en-el-hospital-universitario\/#breadcrumb"},"inLanguage":"es","potentialAction":[{"@type":"ReadAction","target":["https:\/\/www.stemcell-host.com\/espanol\/blog-celulas-madre\/un-bebe-tejano-con-paralisis-cerebral-recibe-esperanza-en-el-hospital-universitario\/"]}]},{"@type":"ImageObject","inLanguage":"es","@id":"https:\/\/www.stemcell-host.com\/espanol\/blog-celulas-madre\/un-bebe-tejano-con-paralisis-cerebral-recibe-esperanza-en-el-hospital-universitario\/#primaryimage","url":"https:\/\/www.stemcell-host.com\/espanol\/wp-content\/uploads\/2018\/07\/3225729.jpg","contentUrl":"https:\/\/www.stemcell-host.com\/espanol\/wp-content\/uploads\/2018\/07\/3225729.jpg","width":353,"height":530,"caption":"Captura peri\u00f3dico beb\u00e9 texano"},{"@type":"BreadcrumbList","@id":"https:\/\/www.stemcell-host.com\/espanol\/blog-celulas-madre\/un-bebe-tejano-con-paralisis-cerebral-recibe-esperanza-en-el-hospital-universitario\/#breadcrumb","itemListElement":[{"@type":"ListItem","position":1,"name":"Inicio","item":"https:\/\/www.stemcell-host.com\/espanol\/"},{"@type":"ListItem","position":2,"name":"Un beb\u00e9 tejano con par\u00e1lisis cerebral recibe esperanza en el Hospital Universitario"}]},{"@type":"WebSite","@id":"https:\/\/www.stemcell-host.com\/espanol\/#website","url":"https:\/\/www.stemcell-host.com\/espanol\/","name":"Hematology Outpatient Services","description":"","potentialAction":[{"@type":"SearchAction","target":{"@type":"EntryPoint","urlTemplate":"https:\/\/www.stemcell-host.com\/espanol\/?s={search_term_string}"},"query-input":"required name=search_term_string"}],"inLanguage":"es"},{"@type":"Person","@id":"https:\/\/www.stemcell-host.com\/espanol\/#\/schema\/person\/6ceb920d8256dad842475f3d32ba031e","name":"Abad Enriquez","image":{"@type":"ImageObject","inLanguage":"es","@id":"https:\/\/www.stemcell-host.com\/espanol\/#\/schema\/person\/image\/","url":"https:\/\/secure.gravatar.com\/avatar\/d48172b58b33bdfb6e3de8ffdfbfba115a73267c4e96b998a7604fc790479ab2?s=96&d=mm&r=g","contentUrl":"https:\/\/secure.gravatar.com\/avatar\/d48172b58b33bdfb6e3de8ffdfbfba115a73267c4e96b998a7604fc790479ab2?s=96&d=mm&r=g","caption":"Abad Enriquez"}}]}},"_links":{"self":[{"href":"https:\/\/www.stemcell-host.com\/espanol\/wp-json\/wp\/v2\/posts\/521","targetHints":{"allow":["GET"]}}],"collection":[{"href":"https:\/\/www.stemcell-host.com\/espanol\/wp-json\/wp\/v2\/posts"}],"about":[{"href":"https:\/\/www.stemcell-host.com\/espanol\/wp-json\/wp\/v2\/types\/post"}],"author":[{"embeddable":true,"href":"https:\/\/www.stemcell-host.com\/espanol\/wp-json\/wp\/v2\/users\/2"}],"replies":[{"embeddable":true,"href":"https:\/\/www.stemcell-host.com\/espanol\/wp-json\/wp\/v2\/comments?post=521"}],"version-history":[{"count":1,"href":"https:\/\/www.stemcell-host.com\/espanol\/wp-json\/wp\/v2\/posts\/521\/revisions"}],"predecessor-version":[{"id":524,"href":"https:\/\/www.stemcell-host.com\/espanol\/wp-json\/wp\/v2\/posts\/521\/revisions\/524"}],"wp:featuredmedia":[{"embeddable":true,"href":"https:\/\/www.stemcell-host.com\/espanol\/wp-json\/wp\/v2\/media\/523"}],"wp:attachment":[{"href":"https:\/\/www.stemcell-host.com\/espanol\/wp-json\/wp\/v2\/media?parent=521"}],"wp:term":[{"taxonomy":"category","embeddable":true,"href":"https:\/\/www.stemcell-host.com\/espanol\/wp-json\/wp\/v2\/categories?post=521"},{"taxonomy":"post_tag","embeddable":true,"href":"https:\/\/www.stemcell-host.com\/espanol\/wp-json\/wp\/v2\/tags?post=521"}],"curies":[{"name":"wp","href":"https:\/\/api.w.org\/{rel}","templated":true}]}}